{"id":16092,"date":"2019-10-21T13:22:21","date_gmt":"2019-10-21T11:22:21","guid":{"rendered":"http:\/\/agora.xtec.cat\/iesdeltebre\/?p=16092"},"modified":"2019-10-21T13:23:42","modified_gmt":"2019-10-21T11:23:42","slug":"1a-edicio-premi-manuel-sales-i-ferre-terres-de-lebre","status":"publish","type":"post","link":"https:\/\/agora.xtec.cat\/iesdeltebre\/general\/1a-edicio-premi-manuel-sales-i-ferre-terres-de-lebre\/","title":{"rendered":"1a edici\u00f3 Premi Manuel Sales i Ferr\u00e9-Terres de l&#8217;Ebre"},"content":{"rendered":"<div>La nostra exalumna Marta Bertomeu Sancho ha estat guardonada amb el\u00a0 <b>Premi Manuel Sales i Ferr\u00e9-Terres de l&#8217;Ebre<\/b>. El treball presentat amb el t\u00edtol\u00a0<u>M\u00e9s que un Riure\u00a0<\/u>ha estat tutoritzat per la professora d\u2019economia Susanna Subirats Sol\u00e9.<u><br \/>\n<\/u><\/div>\n<div><\/div>\n<div>La 1a edici\u00f3\u00a0 d\u2019aquest premi es va celebrar el\u00a0 dijous 17 d&#8217;octubre de 2019, a les 18:00, a la Sala de Plens de l&#8217;Ajuntament d&#8217;Ulldecona.<\/div>\n<div><\/div>\n<p>El treball de recerca que ha guanyat\u00a0 \u00e9s un Pla de m\u00e0rqueting tur\u00edstic del Delta de l\u2019Ebre<i>,\u00a0<\/i>que vol reflectir dues visions molts clares, per una banda, les possibilitats del territori m\u00e9s enll\u00e0 del riu i els espais naturals; i ,per\u00a0 l\u2019altra, el riure vol\u00a0transmetre el car\u00e0cter d\u2019hospitalitat i d\u2019obertura de la seva gent.<\/p>\n<div>Enhorabona de part de tot l\u2019equip docent!<\/div>\n","protected":false},"excerpt":{"rendered":"<p>La nostra exalumna Marta Bertomeu Sancho ha estat guardonada amb el\u00a0 Premi Manuel Sales i Ferr\u00e9-Terres de l&#8217;Ebre. El treball presentat amb el t\u00edtol\u00a0M\u00e9s que un Riure\u00a0ha estat tutoritzat per la professora d\u2019economia Susanna Subirats Sol\u00e9.<\/p>\n<p>La 1a edici\u00f3\u00a0 d\u2019aquest premi es va celebrar el\u00a0 dijous&hellip;  <a href=\"https:\/\/agora.xtec.cat\/iesdeltebre\/general\/1a-edicio-premi-manuel-sales-i-ferre-terres-de-lebre\/\" title=\"Read 1a edici\u00f3 Premi Manuel Sales i Ferr\u00e9-Terres de l&#8217;Ebre\">Llegeix m\u00e9s\u00bb<\/a><\/p>\n","protected":false},"author":1,"featured_media":16091,"comment_status":"open","ping_status":"closed","sticky":false,"template":"","format":"standard","meta":{"_bbp_topic_count":0,"_bbp_reply_count":0,"_bbp_total_topic_count":0,"_bbp_total_reply_count":0,"_bbp_voice_count":0,"_bbp_anonymous_reply_count":0,"_bbp_topic_count_hidden":0,"_bbp_reply_count_hidden":0,"_bbp_forum_subforum_count":0,"footnotes":""},"categories":[1,29],"tags":[],"class_list":["post-16092","post","type-post","status-publish","format-standard","has-post-thumbnail","hentry","category-general","category-portada"],"post_mailing_queue_ids":[],"_links":{"self":[{"href":"https:\/\/agora.xtec.cat\/iesdeltebre\/wp-json\/wp\/v2\/posts\/16092","targetHints":{"allow":["GET"]}}],"collection":[{"href":"https:\/\/agora.xtec.cat\/iesdeltebre\/wp-json\/wp\/v2\/posts"}],"about":[{"href":"https:\/\/agora.xtec.cat\/iesdeltebre\/wp-json\/wp\/v2\/types\/post"}],"author":[{"embeddable":true,"href":"https:\/\/agora.xtec.cat\/iesdeltebre\/wp-json\/wp\/v2\/users\/1"}],"replies":[{"embeddable":true,"href":"https:\/\/agora.xtec.cat\/iesdeltebre\/wp-json\/wp\/v2\/comments?post=16092"}],"version-history":[{"count":1,"href":"https:\/\/agora.xtec.cat\/iesdeltebre\/wp-json\/wp\/v2\/posts\/16092\/revisions"}],"predecessor-version":[{"id":16093,"href":"https:\/\/agora.xtec.cat\/iesdeltebre\/wp-json\/wp\/v2\/posts\/16092\/revisions\/16093"}],"wp:featuredmedia":[{"embeddable":true,"href":"https:\/\/agora.xtec.cat\/iesdeltebre\/wp-json\/wp\/v2\/media\/16091"}],"wp:attachment":[{"href":"https:\/\/agora.xtec.cat\/iesdeltebre\/wp-json\/wp\/v2\/media?parent=16092"}],"wp:term":[{"taxonomy":"category","embeddable":true,"href":"https:\/\/agora.xtec.cat\/iesdeltebre\/wp-json\/wp\/v2\/categories?post=16092"},{"taxonomy":"post_tag","embeddable":true,"href":"https:\/\/agora.xtec.cat\/iesdeltebre\/wp-json\/wp\/v2\/tags?post=16092"}],"curies":[{"name":"wp","href":"https:\/\/api.w.org\/{rel}","templated":true}]}}