{"id":15961,"date":"2019-05-27T13:27:37","date_gmt":"2019-05-27T11:27:37","guid":{"rendered":"http:\/\/agora.xtec.cat\/iesdeltebre\/?p=15961"},"modified":"2019-05-27T13:27:37","modified_gmt":"2019-05-27T11:27:37","slug":"concurs-de-relats-ficcions","status":"publish","type":"post","link":"https:\/\/agora.xtec.cat\/iesdeltebre\/portada\/concurs-de-relats-ficcions\/","title":{"rendered":"Concurs de relats FICCIONS"},"content":{"rendered":"<div>Una felicitaci\u00f3 molt gran per a les alumnes Aitana Beltri, Karla Cesnelyte i Adriana Garcia de 3r d&#8217;ESO (A) i Andrea Guart, Nelly Sorribes i Anna Vila de 3r d&#8217;ESO (C) per haver quedat finalistes en l&#8217;onzena edici\u00f3 del concurs de relats <i>FICCIONS, l&#8217;aventura de crear hist\u00f2ries. <\/i>Ficcions \u00e9s un concurs consolidat que fomenta la creativitat i l&#8217;escriptura entre els joves de 14 a 18 anys d&#8217;arreu del territori de parla catalana, des del Pa\u00eds Valenci\u00e0 i les illes Balears fins la Catalunya Nord, el Matarranya i el Principat de Catalunya.<\/div>\n<div><\/div>\n<div>Enhorabona, noies, per la vostra participaci\u00f3 i per haver aconseguit ser finalistes d&#8217;honor en un concurs amb una participaci\u00f3 molt elevada. \u00c0nims i a continuar treballant!<\/div>\n","protected":false},"excerpt":{"rendered":"<p>Una felicitaci\u00f3 molt gran per a les alumnes Aitana Beltri, Karla Cesnelyte i Adriana Garcia de 3r d&#8217;ESO (A) i Andrea Guart, Nelly Sorribes i Anna Vila de 3r d&#8217;ESO (C) per haver quedat finalistes en l&#8217;onzena edici\u00f3 del concurs de relats FICCIONS, l&#8217;aventura de&hellip;  <a href=\"https:\/\/agora.xtec.cat\/iesdeltebre\/portada\/concurs-de-relats-ficcions\/\" title=\"Read Concurs de relats FICCIONS\">Llegeix m\u00e9s\u00bb<\/a><\/p>\n","protected":false},"author":1,"featured_media":15960,"comment_status":"open","ping_status":"closed","sticky":false,"template":"","format":"standard","meta":{"_bbp_topic_count":0,"_bbp_reply_count":0,"_bbp_total_topic_count":0,"_bbp_total_reply_count":0,"_bbp_voice_count":0,"_bbp_anonymous_reply_count":0,"_bbp_topic_count_hidden":0,"_bbp_reply_count_hidden":0,"_bbp_forum_subforum_count":0,"footnotes":""},"categories":[29],"tags":[132,111,101],"class_list":["post-15961","post","type-post","status-publish","format-standard","has-post-thumbnail","hentry","category-portada","tag-concurs-literari","tag-ins-de-deltebre","tag-tebnoticies"],"post_mailing_queue_ids":[],"_links":{"self":[{"href":"https:\/\/agora.xtec.cat\/iesdeltebre\/wp-json\/wp\/v2\/posts\/15961","targetHints":{"allow":["GET"]}}],"collection":[{"href":"https:\/\/agora.xtec.cat\/iesdeltebre\/wp-json\/wp\/v2\/posts"}],"about":[{"href":"https:\/\/agora.xtec.cat\/iesdeltebre\/wp-json\/wp\/v2\/types\/post"}],"author":[{"embeddable":true,"href":"https:\/\/agora.xtec.cat\/iesdeltebre\/wp-json\/wp\/v2\/users\/1"}],"replies":[{"embeddable":true,"href":"https:\/\/agora.xtec.cat\/iesdeltebre\/wp-json\/wp\/v2\/comments?post=15961"}],"version-history":[{"count":1,"href":"https:\/\/agora.xtec.cat\/iesdeltebre\/wp-json\/wp\/v2\/posts\/15961\/revisions"}],"predecessor-version":[{"id":15962,"href":"https:\/\/agora.xtec.cat\/iesdeltebre\/wp-json\/wp\/v2\/posts\/15961\/revisions\/15962"}],"wp:featuredmedia":[{"embeddable":true,"href":"https:\/\/agora.xtec.cat\/iesdeltebre\/wp-json\/wp\/v2\/media\/15960"}],"wp:attachment":[{"href":"https:\/\/agora.xtec.cat\/iesdeltebre\/wp-json\/wp\/v2\/media?parent=15961"}],"wp:term":[{"taxonomy":"category","embeddable":true,"href":"https:\/\/agora.xtec.cat\/iesdeltebre\/wp-json\/wp\/v2\/categories?post=15961"},{"taxonomy":"post_tag","embeddable":true,"href":"https:\/\/agora.xtec.cat\/iesdeltebre\/wp-json\/wp\/v2\/tags?post=15961"}],"curies":[{"name":"wp","href":"https:\/\/api.w.org\/{rel}","templated":true}]}}