{"id":1483,"date":"2016-04-28T14:15:11","date_gmt":"2016-04-28T13:15:11","guid":{"rendered":"http:\/\/agora.xtec.cat\/iesdeltebre\/?p=1483"},"modified":"2016-04-28T14:15:11","modified_gmt":"2016-04-28T13:15:11","slug":"premis-de-recerca-jove-agaur","status":"publish","type":"post","link":"https:\/\/agora.xtec.cat\/iesdeltebre\/portada\/premis-de-recerca-jove-agaur\/","title":{"rendered":"PREMIS DE RECERCA JOVE (AGAUR)"},"content":{"rendered":"<p class=\"western\" style=\"text-align: justify;\"><span style=\"font-family: Arial,sans-serif;\"><span style=\"font-size: medium;\"> El nostre ex alumne <\/span><\/span><span style=\"font-family: Arial,sans-serif;\"><span style=\"font-size: medium;\"><u>Joaquim de La Cruz Pag\u00e0<\/u><\/span><\/span><span style=\"font-family: Arial,sans-serif;\"><span style=\"font-size: medium;\">, actualment estudiant de la Universitat Polit\u00e8cnica de Catalunya, ha estat guardonat amb el Premi de Recerca Jove AGAUR 2016, en la seva 33a edici\u00f3, amb el treball titulat <\/span><\/span><span style=\"font-family: Arial,sans-serif;\"><span style=\"font-size: medium;\"><i><b>&#8220;MovMind: una interf\u00edcie real cervell ordinador&#8221;<\/b><\/i><\/span><\/span><span style=\"font-family: Arial,sans-serif;\"><span style=\"font-size: medium;\">, tutoritzat per Oscar Castell Marcos. L\u2019acte de lliurament tindr\u00e0 lloc el dissabte 2 d\u2019abril de 2016 a l\u2019Auditori de Barcelona. \u201cEls Premis de Recerca Jove (PRJ), que convoca anualment el Govern de la Generalitat de Catalunya, volen despertar vocacions cient\u00edfiques entre els joves estudiants del pa\u00eds. Els PRJ estimulen que els alumnes s\u2019apropin a la investigaci\u00f3 de la m\u00e0 dels professors dels centres on estudien i sempre fent valer els coneixements propis de la seva edat i formaci\u00f3\u201d.<\/span><\/span><\/p>\n<p>1.- Premi UPF.<br \/>\n2.- Premi URL.<br \/>\n3.- Premi uVic.<br \/>\n4.- Premi Ramon Calvo.<br \/>\n5.- Premi Consell Comarcal Baix Ebre.<br \/>\n6.- Premi URV campus de l&#8217;Ebre.<br \/>\n7.- Premi Treballs de Recerca de la UPC.<br \/>\n8.- PRj AGAUR.<\/p>\n<p class=\"western\" style=\"text-align: justify;\"><span style=\"font-family: Arial,sans-serif;\"><span style=\"font-size: medium;\">En aquest treball l&#8217;autor proposa la q\u00fcesti\u00f3 de si \u00e9s possible controlar dispositius electr\u00f2nics amb la ment. Per respondre aquesta pregunta l&#8217;autor fa una recerca d&#8217;informaci\u00f3 sobre les tecnologies BCI (Brain Computer Interface), les quals ens permeten transformar els senyals el\u00e8ctrics emesos pel pensament hum\u00e0 en senyals digitals per controlar dispositius electr\u00f2nics.<\/span><\/span><\/p>\n<p class=\"western\" style=\"text-align: justify;\"><span style=\"font-family: Arial,sans-serif;\"><span style=\"font-size: medium;\">Aix\u00ed, en el projecte proposat al treball, s&#8217;utilitza un casc BCI Emotiv Epoc per controlar el moviment d&#8217;un bra\u00e7 rob\u00f2tic i per fer trucades amb un smartphone a diferents n\u00fameros de tel\u00e8fon d&#8217;una agenda, que es poden escollir segons el nostre pensament, sense cap contacte f\u00edsic (ni s\u00f3, nu bluetooh, ni wifi, ni IR), entre l&#8217;usuari i el dispositiu m\u00f2bil.<\/span><\/span><\/p>\n<p class=\"western\" style=\"text-align: justify;\"><span style=\"font-family: Arial,sans-serif;\"><span style=\"font-size: medium;\">Finalment, l&#8217;autor proposa un estudi de viabilitat empresarial per desenvolupar comercialment un prototip de casc BCI propi, sempre amb les consideracions de sostenibilitat, consum responsable, comer\u00e7 just i coneixements compartits com a punt de partida.<\/span><\/span><\/p>\n","protected":false},"excerpt":{"rendered":"<p> El nostre ex alumne Joaquim de La Cruz Pag\u00e0, actualment estudiant de la Universitat Polit\u00e8cnica de Catalunya, ha estat guardonat amb el Premi de Recerca Jove AGAUR 2016, en la seva 33a edici\u00f3, amb el treball titulat &#8220;MovMind: una interf\u00edcie real cervell ordinador&#8221;, tutoritzat&hellip;  <a href=\"https:\/\/agora.xtec.cat\/iesdeltebre\/portada\/premis-de-recerca-jove-agaur\/\" title=\"Read PREMIS DE RECERCA JOVE (AGAUR)\">Llegeix m\u00e9s\u00bb<\/a><\/p>\n","protected":false},"author":1,"featured_media":1485,"comment_status":"open","ping_status":"open","sticky":false,"template":"","format":"standard","meta":{"_bbp_topic_count":0,"_bbp_reply_count":0,"_bbp_total_topic_count":0,"_bbp_total_reply_count":0,"_bbp_voice_count":0,"_bbp_anonymous_reply_count":0,"_bbp_topic_count_hidden":0,"_bbp_reply_count_hidden":0,"_bbp_forum_subforum_count":0,"footnotes":""},"categories":[29],"tags":[],"class_list":["post-1483","post","type-post","status-publish","format-standard","has-post-thumbnail","hentry","category-portada"],"post_mailing_queue_ids":[],"_links":{"self":[{"href":"https:\/\/agora.xtec.cat\/iesdeltebre\/wp-json\/wp\/v2\/posts\/1483","targetHints":{"allow":["GET"]}}],"collection":[{"href":"https:\/\/agora.xtec.cat\/iesdeltebre\/wp-json\/wp\/v2\/posts"}],"about":[{"href":"https:\/\/agora.xtec.cat\/iesdeltebre\/wp-json\/wp\/v2\/types\/post"}],"author":[{"embeddable":true,"href":"https:\/\/agora.xtec.cat\/iesdeltebre\/wp-json\/wp\/v2\/users\/1"}],"replies":[{"embeddable":true,"href":"https:\/\/agora.xtec.cat\/iesdeltebre\/wp-json\/wp\/v2\/comments?post=1483"}],"version-history":[{"count":2,"href":"https:\/\/agora.xtec.cat\/iesdeltebre\/wp-json\/wp\/v2\/posts\/1483\/revisions"}],"predecessor-version":[{"id":1486,"href":"https:\/\/agora.xtec.cat\/iesdeltebre\/wp-json\/wp\/v2\/posts\/1483\/revisions\/1486"}],"wp:featuredmedia":[{"embeddable":true,"href":"https:\/\/agora.xtec.cat\/iesdeltebre\/wp-json\/wp\/v2\/media\/1485"}],"wp:attachment":[{"href":"https:\/\/agora.xtec.cat\/iesdeltebre\/wp-json\/wp\/v2\/media?parent=1483"}],"wp:term":[{"taxonomy":"category","embeddable":true,"href":"https:\/\/agora.xtec.cat\/iesdeltebre\/wp-json\/wp\/v2\/categories?post=1483"},{"taxonomy":"post_tag","embeddable":true,"href":"https:\/\/agora.xtec.cat\/iesdeltebre\/wp-json\/wp\/v2\/tags?post=1483"}],"curies":[{"name":"wp","href":"https:\/\/api.w.org\/{rel}","templated":true}]}}