{"id":1395,"date":"2016-01-14T08:23:21","date_gmt":"2016-01-14T07:23:21","guid":{"rendered":"http:\/\/agora.xtec.cat\/iesdeltebre\/?p=1395"},"modified":"2016-01-14T08:29:55","modified_gmt":"2016-01-14T07:29:55","slug":"linstitut-de-deltebre-participa-a-la-marato-de-tv3","status":"publish","type":"post","link":"https:\/\/agora.xtec.cat\/iesdeltebre\/portada\/linstitut-de-deltebre-participa-a-la-marato-de-tv3\/","title":{"rendered":"L&#8217;institut de Deltebre participa a la marat\u00f3 de TV3"},"content":{"rendered":"<p style=\"text-align: justify;\">L\u2019Institut de Deltebre vam participar en l&#8217;\u00faltima edici\u00f3 de la Marat\u00f3 de TV3. L\u2019edici\u00f3 d\u2019aquest any ha estat destinada a recaptar diners per a la investigaci\u00f3 de la diabetis i l\u2019obesitat. A l\u2019institut es van realitzar un seguit d\u2019activitats per tal que l\u2019alumnat es sensibilitz\u00e9s i conegu\u00e9s els desencadenants, els tractaments i les complicacions d&#8217;aquestes malalties.<\/p>\n<p style=\"text-align: justify;\">Una metgessa volunt\u00e0ria de la Marat\u00f3 va venir a fer una xerrada per tal que l&#8217;alumnat pogu\u00e9s entendre millor en qu\u00e8 consisteixen aquestes malalties i aix\u00ed sensibilitzar-se amb les persones que les pateixen.<\/p>\n<p style=\"text-align: justify;\">Com a punt final es va fer un Esmorzar Solidari en el qual es van recaptar 544.20 \u20ac!<\/p>\n<p style=\"text-align: justify;\">Ja per acabar, tota la comunitat educativa vol agrair a tot l\u2019alumnat la seva implicaci\u00f3 en aquest projecte solidari:<\/p>\n<p style=\"text-align: justify;\">\u00abSense vosaltres no hagu\u00e9s estat possible. Heu demostrat una gran sensibilitat i una gran col\u00b7laboraci\u00f3.\u00bb<\/p>\n<p style=\"text-align: justify;\">A tot el professorat, equip directiu, personal PAS, a \u00cdngrid i Marga,:<\/p>\n<p style=\"text-align: justify;\">\u00abGr\u00e0cies per haver col\u00b7laborat en les activitats proposades i per fer arribar a l\u2019alumnat el missatge de la Marat\u00f3\u00bb.<\/p>\n<p style=\"text-align: justify;\">Tamb\u00e9 volem agrair a l\u2019alumnat de l\u2019Aula Oberta de 3r la seua col\u00b7laboraci\u00f3 en la log\u00edstica del muntatge de les xerrades i en la neteja posterior del bar.<\/p>\n<p style=\"text-align: justify;\">\u00abGr\u00e0cies a tots i a totes, l\u2019any vinent esperem tornar a demostrar que som un centre molt i molt solidari!\u00bb<\/p>\n","protected":false},"excerpt":{"rendered":"<p>L\u2019Institut de Deltebre vam participar en l&#8217;\u00faltima edici\u00f3 de la Marat\u00f3 de TV3. L\u2019edici\u00f3 d\u2019aquest any ha estat destinada a recaptar diners per a la investigaci\u00f3 de la diabetis i l\u2019obesitat. A l\u2019institut es van realitzar un seguit d\u2019activitats per tal que l\u2019alumnat es sensibilitz\u00e9s&hellip;  <a href=\"https:\/\/agora.xtec.cat\/iesdeltebre\/portada\/linstitut-de-deltebre-participa-a-la-marato-de-tv3\/\" title=\"Read L&#8217;institut de Deltebre participa a la marat\u00f3 de TV3\">Llegeix m\u00e9s\u00bb<\/a><\/p>\n","protected":false},"author":1,"featured_media":1397,"comment_status":"open","ping_status":"open","sticky":false,"template":"","format":"standard","meta":{"_bbp_topic_count":0,"_bbp_reply_count":0,"_bbp_total_topic_count":0,"_bbp_total_reply_count":0,"_bbp_voice_count":0,"_bbp_anonymous_reply_count":0,"_bbp_topic_count_hidden":0,"_bbp_reply_count_hidden":0,"_bbp_forum_subforum_count":0,"footnotes":""},"categories":[29],"tags":[],"class_list":["post-1395","post","type-post","status-publish","format-standard","has-post-thumbnail","hentry","category-portada"],"post_mailing_queue_ids":[],"_links":{"self":[{"href":"https:\/\/agora.xtec.cat\/iesdeltebre\/wp-json\/wp\/v2\/posts\/1395","targetHints":{"allow":["GET"]}}],"collection":[{"href":"https:\/\/agora.xtec.cat\/iesdeltebre\/wp-json\/wp\/v2\/posts"}],"about":[{"href":"https:\/\/agora.xtec.cat\/iesdeltebre\/wp-json\/wp\/v2\/types\/post"}],"author":[{"embeddable":true,"href":"https:\/\/agora.xtec.cat\/iesdeltebre\/wp-json\/wp\/v2\/users\/1"}],"replies":[{"embeddable":true,"href":"https:\/\/agora.xtec.cat\/iesdeltebre\/wp-json\/wp\/v2\/comments?post=1395"}],"version-history":[{"count":1,"href":"https:\/\/agora.xtec.cat\/iesdeltebre\/wp-json\/wp\/v2\/posts\/1395\/revisions"}],"predecessor-version":[{"id":1396,"href":"https:\/\/agora.xtec.cat\/iesdeltebre\/wp-json\/wp\/v2\/posts\/1395\/revisions\/1396"}],"wp:featuredmedia":[{"embeddable":true,"href":"https:\/\/agora.xtec.cat\/iesdeltebre\/wp-json\/wp\/v2\/media\/1397"}],"wp:attachment":[{"href":"https:\/\/agora.xtec.cat\/iesdeltebre\/wp-json\/wp\/v2\/media?parent=1395"}],"wp:term":[{"taxonomy":"category","embeddable":true,"href":"https:\/\/agora.xtec.cat\/iesdeltebre\/wp-json\/wp\/v2\/categories?post=1395"},{"taxonomy":"post_tag","embeddable":true,"href":"https:\/\/agora.xtec.cat\/iesdeltebre\/wp-json\/wp\/v2\/tags?post=1395"}],"curies":[{"name":"wp","href":"https:\/\/api.w.org\/{rel}","templated":true}]}}