{"id":9883,"date":"2023-10-27T14:28:29","date_gmt":"2023-10-27T12:28:29","guid":{"rendered":"https:\/\/agora.xtec.cat\/iesdecelra\/?p=9883"},"modified":"2023-10-31T09:29:57","modified_gmt":"2023-10-31T08:29:57","slug":"assistent-de-conversa","status":"publish","type":"post","link":"https:\/\/agora.xtec.cat\/iesdecelra\/actualitat\/assistent-de-conversa\/","title":{"rendered":"ASSISTENT DE CONVERSA"},"content":{"rendered":"<p>El Departament d&#8217;Idiomes de l&#8217;Institut de Celr\u00e0 estem molt contents d&#8217;anunciar l&#8217;arribada de la Kate Davidson al nostre centre. Ella \u00e9s l&#8217;assistent de conversa en llengua anglesa que ens acompanyar\u00e0 tot el curs, donant suport a nivell oral a tots els nostres cursos. Ja ha comen\u00e7at a passar per les nostres classes i estem molt contents amb la participaci\u00f3 i motivaci\u00f3 de l&#8217;alumnat.<\/p>\n<p><img loading=\"lazy\" decoding=\"async\" class=\"aligncenter wp-image-9886\" src=\"https:\/\/agora.xtec.cat\/iesdecelra\/wp-content\/uploads\/usu1789\/2023\/10\/PHOTO-2023-10-26-12-15-45.jpg\" alt=\"\" width=\"913\" height=\"388\" srcset=\"https:\/\/agora.xtec.cat\/iesdecelra\/wp-content\/uploads\/usu1789\/2023\/10\/PHOTO-2023-10-26-12-15-45.jpg 1600w, https:\/\/agora.xtec.cat\/iesdecelra\/wp-content\/uploads\/usu1789\/2023\/10\/PHOTO-2023-10-26-12-15-45-300x128.jpg 300w, https:\/\/agora.xtec.cat\/iesdecelra\/wp-content\/uploads\/usu1789\/2023\/10\/PHOTO-2023-10-26-12-15-45-1024x435.jpg 1024w, https:\/\/agora.xtec.cat\/iesdecelra\/wp-content\/uploads\/usu1789\/2023\/10\/PHOTO-2023-10-26-12-15-45-768x326.jpg 768w, https:\/\/agora.xtec.cat\/iesdecelra\/wp-content\/uploads\/usu1789\/2023\/10\/PHOTO-2023-10-26-12-15-45-1536x653.jpg 1536w\" sizes=\"auto, (max-width: 913px) 100vw, 913px\" \/><\/p>\n","protected":false},"excerpt":{"rendered":"<p>El Departament d&#8217;Idiomes de l&#8217;Institut de Celr\u00e0 estem molt contents d&#8217;anunciar l&#8217;arribada de la Kate Davidson al nostre centre. Ella \u00e9s l&#8217;assistent de conversa en llengua anglesa que ens acompanyar\u00e0 tot el curs, donant suport a nivell oral a tots els nostres cursos. Ja ha&hellip;  <a href=\"https:\/\/agora.xtec.cat\/iesdecelra\/actualitat\/assistent-de-conversa\/\" title=\"Read ASSISTENT DE CONVERSA\">Llegeix m\u00e9s\u00bb<\/a><\/p>\n","protected":false},"author":1,"featured_media":9886,"comment_status":"open","ping_status":"closed","sticky":false,"template":"","format":"standard","meta":{"_bbp_topic_count":0,"_bbp_reply_count":0,"_bbp_total_topic_count":0,"_bbp_total_reply_count":0,"_bbp_voice_count":0,"_bbp_anonymous_reply_count":0,"_bbp_topic_count_hidden":0,"_bbp_reply_count_hidden":0,"_bbp_forum_subforum_count":0,"footnotes":""},"categories":[103],"tags":[355,293],"class_list":["post-9883","post","type-post","status-publish","format-standard","has-post-thumbnail","hentry","category-actualitat","tag-curs-2023-2024","tag-departament-de-llengues-estrangeres"],"post_mailing_queue_ids":[],"_links":{"self":[{"href":"https:\/\/agora.xtec.cat\/iesdecelra\/wp-json\/wp\/v2\/posts\/9883","targetHints":{"allow":["GET"]}}],"collection":[{"href":"https:\/\/agora.xtec.cat\/iesdecelra\/wp-json\/wp\/v2\/posts"}],"about":[{"href":"https:\/\/agora.xtec.cat\/iesdecelra\/wp-json\/wp\/v2\/types\/post"}],"author":[{"embeddable":true,"href":"https:\/\/agora.xtec.cat\/iesdecelra\/wp-json\/wp\/v2\/users\/1"}],"replies":[{"embeddable":true,"href":"https:\/\/agora.xtec.cat\/iesdecelra\/wp-json\/wp\/v2\/comments?post=9883"}],"version-history":[{"count":2,"href":"https:\/\/agora.xtec.cat\/iesdecelra\/wp-json\/wp\/v2\/posts\/9883\/revisions"}],"predecessor-version":[{"id":9887,"href":"https:\/\/agora.xtec.cat\/iesdecelra\/wp-json\/wp\/v2\/posts\/9883\/revisions\/9887"}],"wp:featuredmedia":[{"embeddable":true,"href":"https:\/\/agora.xtec.cat\/iesdecelra\/wp-json\/wp\/v2\/media\/9886"}],"wp:attachment":[{"href":"https:\/\/agora.xtec.cat\/iesdecelra\/wp-json\/wp\/v2\/media?parent=9883"}],"wp:term":[{"taxonomy":"category","embeddable":true,"href":"https:\/\/agora.xtec.cat\/iesdecelra\/wp-json\/wp\/v2\/categories?post=9883"},{"taxonomy":"post_tag","embeddable":true,"href":"https:\/\/agora.xtec.cat\/iesdecelra\/wp-json\/wp\/v2\/tags?post=9883"}],"curies":[{"name":"wp","href":"https:\/\/api.w.org\/{rel}","templated":true}]}}