{"id":9861,"date":"2023-10-26T13:06:47","date_gmt":"2023-10-26T11:06:47","guid":{"rendered":"https:\/\/agora.xtec.cat\/iesdecelra\/?p=9861"},"modified":"2023-10-26T13:07:21","modified_gmt":"2023-10-26T11:07:21","slug":"en-construccio-visita-de-lassociacio-juvenil-espai-celra","status":"publish","type":"post","link":"https:\/\/agora.xtec.cat\/iesdecelra\/cursos\/eso\/eso-4\/en-construccio-visita-de-lassociacio-juvenil-espai-celra\/","title":{"rendered":"VISITA DE L&#8217;ASSOCIACI\u00d3 JUVENIL ESPAI CELR\u00c0"},"content":{"rendered":"<p>Aquesta setmana, ens han visitat, dins el marc del Servei Comunitari, els representants de l&#8217;Associaci\u00f3 Juvenil Esplai Celr\u00e0. Han compartit amb els estudiants de 4t d&#8217;ESO informaci\u00f3 sobre l&#8217;entitat i els han ofert la possibilitat de participar en el seu projecte.<\/p>\n<p><img loading=\"lazy\" decoding=\"async\" class=\"aligncenter size-full wp-image-9862\" src=\"https:\/\/agora.xtec.cat\/iesdecelra\/wp-content\/uploads\/usu1789\/2023\/10\/Espai-jove.jpg\" alt=\"\" width=\"1369\" height=\"724\" srcset=\"https:\/\/agora.xtec.cat\/iesdecelra\/wp-content\/uploads\/usu1789\/2023\/10\/Espai-jove.jpg 1369w, https:\/\/agora.xtec.cat\/iesdecelra\/wp-content\/uploads\/usu1789\/2023\/10\/Espai-jove-300x159.jpg 300w, https:\/\/agora.xtec.cat\/iesdecelra\/wp-content\/uploads\/usu1789\/2023\/10\/Espai-jove-1024x542.jpg 1024w, https:\/\/agora.xtec.cat\/iesdecelra\/wp-content\/uploads\/usu1789\/2023\/10\/Espai-jove-768x406.jpg 768w\" sizes=\"auto, (max-width: 1369px) 100vw, 1369px\" \/><\/p>\n<p>&nbsp;<\/p>\n","protected":false},"excerpt":{"rendered":"<p>Aquesta setmana, ens han visitat, dins el marc del Servei Comunitari, els representants de l&#8217;Associaci\u00f3 Juvenil Esplai Celr\u00e0. Han compartit amb els estudiants de 4t d&#8217;ESO informaci\u00f3 sobre l&#8217;entitat i els han ofert la possibilitat de participar en el seu projecte.<\/p>\n<p>&nbsp;<\/p>\n","protected":false},"author":1,"featured_media":9862,"comment_status":"open","ping_status":"closed","sticky":false,"template":"","format":"standard","meta":{"_bbp_topic_count":0,"_bbp_reply_count":0,"_bbp_total_topic_count":0,"_bbp_total_reply_count":0,"_bbp_voice_count":0,"_bbp_anonymous_reply_count":0,"_bbp_topic_count_hidden":0,"_bbp_reply_count_hidden":0,"_bbp_forum_subforum_count":0,"footnotes":""},"categories":[103,7],"tags":[355,138],"class_list":["post-9861","post","type-post","status-publish","format-standard","has-post-thumbnail","hentry","category-actualitat","category-eso-4","tag-curs-2023-2024","tag-servei-comunitari"],"post_mailing_queue_ids":[],"_links":{"self":[{"href":"https:\/\/agora.xtec.cat\/iesdecelra\/wp-json\/wp\/v2\/posts\/9861","targetHints":{"allow":["GET"]}}],"collection":[{"href":"https:\/\/agora.xtec.cat\/iesdecelra\/wp-json\/wp\/v2\/posts"}],"about":[{"href":"https:\/\/agora.xtec.cat\/iesdecelra\/wp-json\/wp\/v2\/types\/post"}],"author":[{"embeddable":true,"href":"https:\/\/agora.xtec.cat\/iesdecelra\/wp-json\/wp\/v2\/users\/1"}],"replies":[{"embeddable":true,"href":"https:\/\/agora.xtec.cat\/iesdecelra\/wp-json\/wp\/v2\/comments?post=9861"}],"version-history":[{"count":2,"href":"https:\/\/agora.xtec.cat\/iesdecelra\/wp-json\/wp\/v2\/posts\/9861\/revisions"}],"predecessor-version":[{"id":9866,"href":"https:\/\/agora.xtec.cat\/iesdecelra\/wp-json\/wp\/v2\/posts\/9861\/revisions\/9866"}],"wp:featuredmedia":[{"embeddable":true,"href":"https:\/\/agora.xtec.cat\/iesdecelra\/wp-json\/wp\/v2\/media\/9862"}],"wp:attachment":[{"href":"https:\/\/agora.xtec.cat\/iesdecelra\/wp-json\/wp\/v2\/media?parent=9861"}],"wp:term":[{"taxonomy":"category","embeddable":true,"href":"https:\/\/agora.xtec.cat\/iesdecelra\/wp-json\/wp\/v2\/categories?post=9861"},{"taxonomy":"post_tag","embeddable":true,"href":"https:\/\/agora.xtec.cat\/iesdecelra\/wp-json\/wp\/v2\/tags?post=9861"}],"curies":[{"name":"wp","href":"https:\/\/api.w.org\/{rel}","templated":true}]}}