{"id":9820,"date":"2023-10-17T10:11:22","date_gmt":"2023-10-17T08:11:22","guid":{"rendered":"https:\/\/agora.xtec.cat\/iesdecelra\/?p=9820"},"modified":"2023-10-17T10:11:22","modified_gmt":"2023-10-17T08:11:22","slug":"xerrada-cicloturisme","status":"publish","type":"post","link":"https:\/\/agora.xtec.cat\/iesdecelra\/cursos\/eso\/eso-3\/xerrada-cicloturisme\/","title":{"rendered":"XERRADA CICLOTURISME"},"content":{"rendered":"<p><span style=\"font-weight: 400;\">Amb els alumnes de 3r d\u2019ESO, a tecnologia, estem desenvolupant un projecte per con\u00e8ixer i entendre les m\u00e0quines i mecanismes del nostre entorn, que t\u00e9 com a eix central la bicicleta.\u00a0<\/span><\/p>\n<p><span style=\"font-weight: 400;\">Amb motiu de promoure l\u2019\u00fas de la bicicleta, en Pau Valls ens ha vingut a fer una xerrada sobre cicloturisme: un turisme d&#8217;aventura, econ\u00f2mic, saludable i sostenible. Ens ha mostrat imatges sobre llocs on ha estat, tot explicant-nos qu\u00e8 es pot fer per trobar companys de viatge, com orientar-se en la ruta, on es pot dormir o rentar-se, com s\u2019organitzen els menjars, aix\u00ed com, qu\u00e8 s\u2019ha de fer si es vol portar la bicicleta al tren o a l\u2019avi\u00f3.\u00a0<\/span><\/p>\n<p><span style=\"font-weight: 400;\">Tamb\u00e9, ens ha explicat experi\u00e8ncies amb les persones que s\u2019ha anat trobant, viv\u00e8ncies molt sovint agradables i d\u2019aprenentatge.<\/span><\/p>\n<p><img loading=\"lazy\" decoding=\"async\" class=\"aligncenter  wp-image-9821\" src=\"https:\/\/agora.xtec.cat\/iesdecelra\/wp-content\/uploads\/usu1789\/2023\/10\/IMG_2202-scaled.jpg\" alt=\"\" width=\"837\" height=\"625\" srcset=\"https:\/\/agora.xtec.cat\/iesdecelra\/wp-content\/uploads\/usu1789\/2023\/10\/IMG_2202-scaled.jpg 2560w, https:\/\/agora.xtec.cat\/iesdecelra\/wp-content\/uploads\/usu1789\/2023\/10\/IMG_2202-300x224.jpg 300w, https:\/\/agora.xtec.cat\/iesdecelra\/wp-content\/uploads\/usu1789\/2023\/10\/IMG_2202-1024x765.jpg 1024w, https:\/\/agora.xtec.cat\/iesdecelra\/wp-content\/uploads\/usu1789\/2023\/10\/IMG_2202-768x574.jpg 768w, https:\/\/agora.xtec.cat\/iesdecelra\/wp-content\/uploads\/usu1789\/2023\/10\/IMG_2202-1536x1147.jpg 1536w, https:\/\/agora.xtec.cat\/iesdecelra\/wp-content\/uploads\/usu1789\/2023\/10\/IMG_2202-2048x1530.jpg 2048w, https:\/\/agora.xtec.cat\/iesdecelra\/wp-content\/uploads\/usu1789\/2023\/10\/IMG_2202-200x150.jpg 200w\" sizes=\"auto, (max-width: 837px) 100vw, 837px\" \/><\/p>\n","protected":false},"excerpt":{"rendered":"<p>Amb els alumnes de 3r d\u2019ESO, a tecnologia, estem desenvolupant un projecte per con\u00e8ixer i entendre les m\u00e0quines i mecanismes del nostre entorn, que t\u00e9 com a eix central la bicicleta.\u00a0<br \/>\nAmb motiu de promoure l\u2019\u00fas de la bicicleta, en Pau Valls ens ha vingut a&hellip;  <a href=\"https:\/\/agora.xtec.cat\/iesdecelra\/cursos\/eso\/eso-3\/xerrada-cicloturisme\/\" title=\"Read XERRADA CICLOTURISME\">Llegeix m\u00e9s\u00bb<\/a><\/p>\n","protected":false},"author":1,"featured_media":9822,"comment_status":"open","ping_status":"closed","sticky":false,"template":"","format":"standard","meta":{"_bbp_topic_count":0,"_bbp_reply_count":0,"_bbp_total_topic_count":0,"_bbp_total_reply_count":0,"_bbp_voice_count":0,"_bbp_anonymous_reply_count":0,"_bbp_topic_count_hidden":0,"_bbp_reply_count_hidden":0,"_bbp_forum_subforum_count":0,"footnotes":""},"categories":[103,345,6],"tags":[355,56,241],"class_list":["post-9820","post","type-post","status-publish","format-standard","has-post-thumbnail","hentry","category-actualitat","category-escola-verda","category-eso-3","tag-curs-2023-2024","tag-escola-verda","tag-tecnologia"],"post_mailing_queue_ids":[],"_links":{"self":[{"href":"https:\/\/agora.xtec.cat\/iesdecelra\/wp-json\/wp\/v2\/posts\/9820","targetHints":{"allow":["GET"]}}],"collection":[{"href":"https:\/\/agora.xtec.cat\/iesdecelra\/wp-json\/wp\/v2\/posts"}],"about":[{"href":"https:\/\/agora.xtec.cat\/iesdecelra\/wp-json\/wp\/v2\/types\/post"}],"author":[{"embeddable":true,"href":"https:\/\/agora.xtec.cat\/iesdecelra\/wp-json\/wp\/v2\/users\/1"}],"replies":[{"embeddable":true,"href":"https:\/\/agora.xtec.cat\/iesdecelra\/wp-json\/wp\/v2\/comments?post=9820"}],"version-history":[{"count":2,"href":"https:\/\/agora.xtec.cat\/iesdecelra\/wp-json\/wp\/v2\/posts\/9820\/revisions"}],"predecessor-version":[{"id":9828,"href":"https:\/\/agora.xtec.cat\/iesdecelra\/wp-json\/wp\/v2\/posts\/9820\/revisions\/9828"}],"wp:featuredmedia":[{"embeddable":true,"href":"https:\/\/agora.xtec.cat\/iesdecelra\/wp-json\/wp\/v2\/media\/9822"}],"wp:attachment":[{"href":"https:\/\/agora.xtec.cat\/iesdecelra\/wp-json\/wp\/v2\/media?parent=9820"}],"wp:term":[{"taxonomy":"category","embeddable":true,"href":"https:\/\/agora.xtec.cat\/iesdecelra\/wp-json\/wp\/v2\/categories?post=9820"},{"taxonomy":"post_tag","embeddable":true,"href":"https:\/\/agora.xtec.cat\/iesdecelra\/wp-json\/wp\/v2\/tags?post=9820"}],"curies":[{"name":"wp","href":"https:\/\/api.w.org\/{rel}","templated":true}]}}