{"id":9683,"date":"2023-09-26T09:51:58","date_gmt":"2023-09-26T07:51:58","guid":{"rendered":"https:\/\/agora.xtec.cat\/iesdecelra\/?p=9683"},"modified":"2023-09-26T09:54:37","modified_gmt":"2023-09-26T07:54:37","slug":"llati-i-el-dia-europeu-de-les-llengues","status":"publish","type":"post","link":"https:\/\/agora.xtec.cat\/iesdecelra\/cursos\/eso\/eso-4\/llati-i-el-dia-europeu-de-les-llengues\/","title":{"rendered":"LLAT\u00cd I EL DIA EUROPEU DE LES LLENG\u00dcES"},"content":{"rendered":"<p>L&#8217;alumnat de 4t d&#8217;ESO que cursa l&#8217;optativa de Llat\u00ed: Llengua i Cultura, ha celebrat avui el Dia Europeu de les Lleng\u00fces. S&#8217;han sumat als actes que s&#8217;esdevenen\u00a0arreu del continent per iniciativa del Consell d&#8217;Europa, amb la lectura en llat\u00ed de dos poemes de Catul, i la seva traducci\u00f3 en cadascuna de les lleng\u00fces rom\u00e0niques que es parlen a Europa. I \u00e9s que el llat\u00ed no hi podia faltar com a llengua mare dels parlars de milions de ciutadans europeus!<\/p>\n<p>Alumnes de l&#8217;optativa de Llat\u00ed: Llengua i Cultura de 4t<\/p>\n<p><img loading=\"lazy\" decoding=\"async\" class=\"aligncenter wp-image-9684\" src=\"https:\/\/agora.xtec.cat\/iesdecelra\/wp-content\/uploads\/usu1789\/2023\/09\/dia-llengues1.jpg\" alt=\"\" width=\"828\" height=\"623\" srcset=\"https:\/\/agora.xtec.cat\/iesdecelra\/wp-content\/uploads\/usu1789\/2023\/09\/dia-llengues1.jpg 1500w, https:\/\/agora.xtec.cat\/iesdecelra\/wp-content\/uploads\/usu1789\/2023\/09\/dia-llengues1-300x226.jpg 300w, https:\/\/agora.xtec.cat\/iesdecelra\/wp-content\/uploads\/usu1789\/2023\/09\/dia-llengues1-1024x771.jpg 1024w, https:\/\/agora.xtec.cat\/iesdecelra\/wp-content\/uploads\/usu1789\/2023\/09\/dia-llengues1-768x578.jpg 768w, https:\/\/agora.xtec.cat\/iesdecelra\/wp-content\/uploads\/usu1789\/2023\/09\/dia-llengues1-200x150.jpg 200w\" sizes=\"auto, (max-width: 828px) 100vw, 828px\" \/><\/p>\n<p><img loading=\"lazy\" decoding=\"async\" class=\"aligncenter wp-image-9685\" src=\"https:\/\/agora.xtec.cat\/iesdecelra\/wp-content\/uploads\/usu1789\/2023\/09\/llengues2.jpg\" alt=\"\" width=\"826\" height=\"622\" srcset=\"https:\/\/agora.xtec.cat\/iesdecelra\/wp-content\/uploads\/usu1789\/2023\/09\/llengues2.jpg 1500w, https:\/\/agora.xtec.cat\/iesdecelra\/wp-content\/uploads\/usu1789\/2023\/09\/llengues2-300x226.jpg 300w, https:\/\/agora.xtec.cat\/iesdecelra\/wp-content\/uploads\/usu1789\/2023\/09\/llengues2-1024x771.jpg 1024w, https:\/\/agora.xtec.cat\/iesdecelra\/wp-content\/uploads\/usu1789\/2023\/09\/llengues2-768x578.jpg 768w, https:\/\/agora.xtec.cat\/iesdecelra\/wp-content\/uploads\/usu1789\/2023\/09\/llengues2-200x150.jpg 200w\" sizes=\"auto, (max-width: 826px) 100vw, 826px\" \/><\/p>\n","protected":false},"excerpt":{"rendered":"<p>L&#8217;alumnat de 4t d&#8217;ESO que cursa l&#8217;optativa de Llat\u00ed: Llengua i Cultura, ha celebrat avui el Dia Europeu de les Lleng\u00fces. S&#8217;han sumat als actes que s&#8217;esdevenen\u00a0arreu del continent per iniciativa del Consell d&#8217;Europa, amb la lectura en llat\u00ed de dos poemes de Catul, i&hellip;  <a href=\"https:\/\/agora.xtec.cat\/iesdecelra\/cursos\/eso\/eso-4\/llati-i-el-dia-europeu-de-les-llengues\/\" title=\"Read LLAT\u00cd I EL DIA EUROPEU DE LES LLENG\u00dcES\">Llegeix m\u00e9s\u00bb<\/a><\/p>\n","protected":false},"author":1,"featured_media":9684,"comment_status":"open","ping_status":"closed","sticky":false,"template":"","format":"standard","meta":{"_bbp_topic_count":0,"_bbp_reply_count":0,"_bbp_total_topic_count":0,"_bbp_total_reply_count":0,"_bbp_voice_count":0,"_bbp_anonymous_reply_count":0,"_bbp_topic_count_hidden":0,"_bbp_reply_count_hidden":0,"_bbp_forum_subforum_count":0,"footnotes":""},"categories":[103,7,156],"tags":[355,150,356,162],"class_list":["post-9683","post","type-post","status-publish","format-standard","has-post-thumbnail","hentry","category-actualitat","category-eso-4","category-european-projects","tag-curs-2023-2024","tag-departament-de-ciencies-socials","tag-dia-europeu-de-les-llengues","tag-llati"],"post_mailing_queue_ids":[],"_links":{"self":[{"href":"https:\/\/agora.xtec.cat\/iesdecelra\/wp-json\/wp\/v2\/posts\/9683","targetHints":{"allow":["GET"]}}],"collection":[{"href":"https:\/\/agora.xtec.cat\/iesdecelra\/wp-json\/wp\/v2\/posts"}],"about":[{"href":"https:\/\/agora.xtec.cat\/iesdecelra\/wp-json\/wp\/v2\/types\/post"}],"author":[{"embeddable":true,"href":"https:\/\/agora.xtec.cat\/iesdecelra\/wp-json\/wp\/v2\/users\/1"}],"replies":[{"embeddable":true,"href":"https:\/\/agora.xtec.cat\/iesdecelra\/wp-json\/wp\/v2\/comments?post=9683"}],"version-history":[{"count":1,"href":"https:\/\/agora.xtec.cat\/iesdecelra\/wp-json\/wp\/v2\/posts\/9683\/revisions"}],"predecessor-version":[{"id":9686,"href":"https:\/\/agora.xtec.cat\/iesdecelra\/wp-json\/wp\/v2\/posts\/9683\/revisions\/9686"}],"wp:featuredmedia":[{"embeddable":true,"href":"https:\/\/agora.xtec.cat\/iesdecelra\/wp-json\/wp\/v2\/media\/9684"}],"wp:attachment":[{"href":"https:\/\/agora.xtec.cat\/iesdecelra\/wp-json\/wp\/v2\/media?parent=9683"}],"wp:term":[{"taxonomy":"category","embeddable":true,"href":"https:\/\/agora.xtec.cat\/iesdecelra\/wp-json\/wp\/v2\/categories?post=9683"},{"taxonomy":"post_tag","embeddable":true,"href":"https:\/\/agora.xtec.cat\/iesdecelra\/wp-json\/wp\/v2\/tags?post=9683"}],"curies":[{"name":"wp","href":"https:\/\/api.w.org\/{rel}","templated":true}]}}