{"id":9665,"date":"2023-09-21T13:02:12","date_gmt":"2023-09-21T11:02:12","guid":{"rendered":"https:\/\/agora.xtec.cat\/iesdecelra\/?p=9665"},"modified":"2023-09-21T13:11:52","modified_gmt":"2023-09-21T11:11:52","slug":"video-de-les-experiencies-com-a-centre-erasmus-acreditat-2022-23","status":"publish","type":"post","link":"https:\/\/agora.xtec.cat\/iesdecelra\/projectes-de-centre\/european-projects\/erasmus\/video-de-les-experiencies-com-a-centre-erasmus-acreditat-2022-23\/","title":{"rendered":"V\u00eddeo de les experi\u00e8ncies com a centre Erasmus+ acreditat 2022-23"},"content":{"rendered":"<p>L&#8217;institut de Celr\u00e0 ha completat el primer curs acad\u00e8mic com a centre Erasmus+ acreditat. Durant aquest curs, 7 professors de la Comissi\u00f3 Erasmus del centre han pogut fer estada de <em>job shadowing<\/em> a 3 centres europeus de Fran\u00e7a, It\u00e0lia i Dinamarca on han apr\u00e8s i compartit experi\u00e8ncies sobre inclusi\u00f3, sostenibilitat, digitalitzaci\u00f3, comprom\u00eds c\u00edvic i espais educatius.<\/p>\n<p>Alhora, els ha perm\u00e8s con\u00e8ixer els centres on alguns\u00a0alumnes vinculats a projectes europeus podran realitzar estada, treballant a partir d&#8217;un projecte Erasmus, durant els cursos 2023-24 i 2024-25.<\/p>\n<div>\n<p>El vincle entre els nostres alumnes i els estudiants dels centres europeus visitats, es va iniciar ja al tercer trimestre amb la visita d&#8217;alumnes i professors francesos i continuar\u00e0 amb diferents iniciatives i propostes Erasmus al llarg dels propers dos cursos.<\/p>\n<p><iframe loading=\"lazy\" title=\"ERASMUS+ KA121 INSTITUT DE CELR\u00c0 2023-24\" width=\"500\" height=\"281\" src=\"https:\/\/www.youtube.com\/embed\/A_wl6WZeEic?feature=oembed\" frameborder=\"0\" allow=\"accelerometer; autoplay; clipboard-write; encrypted-media; gyroscope; picture-in-picture; web-share\" referrerpolicy=\"strict-origin-when-cross-origin\" allowfullscreen><\/iframe><\/p>\n<\/div>\n","protected":false},"excerpt":{"rendered":"<p>L&#8217;institut de Celr\u00e0 ha completat el primer curs acad\u00e8mic com a centre Erasmus+ acreditat. Durant aquest curs, 7 professors de la Comissi\u00f3 Erasmus del centre han pogut fer estada de job shadowing a 3 centres europeus de Fran\u00e7a, It\u00e0lia i Dinamarca on han apr\u00e8s i&hellip;  <a href=\"https:\/\/agora.xtec.cat\/iesdecelra\/projectes-de-centre\/european-projects\/erasmus\/video-de-les-experiencies-com-a-centre-erasmus-acreditat-2022-23\/\" title=\"Read V\u00eddeo de les experi\u00e8ncies com a centre Erasmus+ acreditat 2022-23\">Llegeix m\u00e9s\u00bb<\/a><\/p>\n","protected":false},"author":1,"featured_media":5824,"comment_status":"open","ping_status":"closed","sticky":false,"template":"","format":"standard","meta":{"_bbp_topic_count":0,"_bbp_reply_count":0,"_bbp_total_topic_count":0,"_bbp_total_reply_count":0,"_bbp_voice_count":0,"_bbp_anonymous_reply_count":0,"_bbp_topic_count_hidden":0,"_bbp_reply_count_hidden":0,"_bbp_forum_subforum_count":0,"footnotes":""},"categories":[342],"tags":[339,245],"class_list":["post-9665","post","type-post","status-publish","format-standard","has-post-thumbnail","hentry","category-erasmus","tag-curs-2022-2023","tag-erasmus"],"post_mailing_queue_ids":[],"_links":{"self":[{"href":"https:\/\/agora.xtec.cat\/iesdecelra\/wp-json\/wp\/v2\/posts\/9665","targetHints":{"allow":["GET"]}}],"collection":[{"href":"https:\/\/agora.xtec.cat\/iesdecelra\/wp-json\/wp\/v2\/posts"}],"about":[{"href":"https:\/\/agora.xtec.cat\/iesdecelra\/wp-json\/wp\/v2\/types\/post"}],"author":[{"embeddable":true,"href":"https:\/\/agora.xtec.cat\/iesdecelra\/wp-json\/wp\/v2\/users\/1"}],"replies":[{"embeddable":true,"href":"https:\/\/agora.xtec.cat\/iesdecelra\/wp-json\/wp\/v2\/comments?post=9665"}],"version-history":[{"count":1,"href":"https:\/\/agora.xtec.cat\/iesdecelra\/wp-json\/wp\/v2\/posts\/9665\/revisions"}],"predecessor-version":[{"id":9666,"href":"https:\/\/agora.xtec.cat\/iesdecelra\/wp-json\/wp\/v2\/posts\/9665\/revisions\/9666"}],"wp:featuredmedia":[{"embeddable":true,"href":"https:\/\/agora.xtec.cat\/iesdecelra\/wp-json\/wp\/v2\/media\/5824"}],"wp:attachment":[{"href":"https:\/\/agora.xtec.cat\/iesdecelra\/wp-json\/wp\/v2\/media?parent=9665"}],"wp:term":[{"taxonomy":"category","embeddable":true,"href":"https:\/\/agora.xtec.cat\/iesdecelra\/wp-json\/wp\/v2\/categories?post=9665"},{"taxonomy":"post_tag","embeddable":true,"href":"https:\/\/agora.xtec.cat\/iesdecelra\/wp-json\/wp\/v2\/tags?post=9665"}],"curies":[{"name":"wp","href":"https:\/\/api.w.org\/{rel}","templated":true}]}}