{"id":9525,"date":"2023-06-24T10:37:25","date_gmt":"2023-06-24T08:37:25","guid":{"rendered":"https:\/\/agora.xtec.cat\/iesdecelra\/?p=9525"},"modified":"2023-06-24T10:42:28","modified_gmt":"2023-06-24T08:42:28","slug":"en-cosntruccio-projecte-orenetes","status":"publish","type":"post","link":"https:\/\/agora.xtec.cat\/iesdecelra\/cursos\/eso\/eso-3\/en-cosntruccio-projecte-orenetes\/","title":{"rendered":"PROJECTE ORENETES"},"content":{"rendered":"<p>Aquest final de curs, tots els alumnes de 3r d&#8217;ESO han participat en el &#8220;Projecte orenetes&#8221;, una iniciativa d&#8217;estudi dels ocells i el medi urb\u00e0 basada en la participaci\u00f3 ciutadana i en el seguiment dels nius d&#8217;oreneta cuablanca (Delichon urbicum) dels diferents pobles i ciutats dels Pa\u00efsos Catalans.<\/p>\n<p>El projecte ha constat, en una primera etapa, en aprendre a la import\u00e0ncia de l&#8217;esp\u00e8cie com a indicadora de la sensibilitat ambiental i qualitat de l&#8217;aire de la zona, i diferenciar l&#8217;oreneta cuablanca i els seus nius de la resta d&#8217;orenetes. Tamb\u00e9 s&#8217;ha treballat l&#8217;organitzaci\u00f3 de les diferents unitats de mostreig i l&#8217;estrat\u00e8gia a seguir en el mostreig.<\/p>\n<p>En una segona etapa, els alumnes agrupats en diferents grups, han recorregut les diferents unitats de mostreig censant els diferents nius trobats, localitzant-los i recopilant-ne les dades (quantitat, ocupaci\u00f3 i estat dels nius) que posteriorment hem entrat a la base de dades comuna.<\/p>\n<div>Volem agrair la Montserrat Su\u00e1rez haver-nos proposat entrar en el Projecte Orenentes aix\u00ed com l&#8217;ajuda constant rebuda aquestes setmanes.<\/div>\n<div><\/div>\n<p>Properament podreu veure les dades censades publicades a la web del projecte:\u00a0<a href=\"https:\/\/www.orenetes.cat\/\" target=\"_blank\" rel=\"noopener\" data-saferedirecturl=\"https:\/\/www.google.com\/url?q=https:\/\/www.orenetes.cat\/&amp;source=gmail&amp;ust=1687680819791000&amp;usg=AOvVaw1tCd-urHbdl0H-Z39hMIAr\">https:\/\/www.orenetes.cat\/<\/a><\/p>\n\r\n\t<div class=\"slideshow_container slideshow_container_style-light\" style=\"height: 500px; \" data-slideshow-id=\"9531\" data-style-name=\"style-light\" data-style-version=\"2.3.1\" >\r\n\r\n\t\t\t\t\t<div class=\"slideshow_loading_icon\"><\/div>\r\n\t\t\r\n\t\t<div class=\"slideshow_content\" style=\"display: none;\">\r\n\r\n\t\t\t<div class=\"slideshow_view\">\r\n\t\t\t\t<div class=\"slideshow_slide slideshow_slide_image\">\r\n\t\t\t\t\t\t\t\t\t\t\t<img src=\"https:\/\/agora.xtec.cat\/iesdecelra\/wp-content\/uploads\/usu1789\/2023\/06\/Orenentes1.jpg\" alt=\"Orenentes1\" width=\"1312\" height=\"825\" \/>\r\n\t\t\t\t\t\t\t\t\t\t<div class=\"slideshow_description_box slideshow_transparent\">\r\n\t\t\t\t\t\t<div class=\"slideshow_title\">Orenentes1<\/div>\t\t\t\t\t\t\t\t\t\t\t<\/div>\r\n\t\t\t\t<\/div>\r\n\r\n\t\t\t\t\t\t<div style=\"clear: both;\"><\/div><\/div><div class=\"slideshow_view\">\r\n\t\t\t\t<div class=\"slideshow_slide slideshow_slide_image\">\r\n\t\t\t\t\t\t\t\t\t\t\t<img src=\"https:\/\/agora.xtec.cat\/iesdecelra\/wp-content\/uploads\/usu1789\/2023\/06\/Orenentes3.jpg\" alt=\"Orenentes3\" width=\"1086\" height=\"661\" \/>\r\n\t\t\t\t\t\t\t\t\t\t<div class=\"slideshow_description_box slideshow_transparent\">\r\n\t\t\t\t\t\t<div class=\"slideshow_title\">Orenentes3<\/div>\t\t\t\t\t\t\t\t\t\t\t<\/div>\r\n\t\t\t\t<\/div>\r\n\r\n\t\t\t\t\t\t<div style=\"clear: both;\"><\/div><\/div><div class=\"slideshow_view\">\r\n\t\t\t\t<div class=\"slideshow_slide slideshow_slide_image\">\r\n\t\t\t\t\t\t\t\t\t\t\t<img src=\"https:\/\/agora.xtec.cat\/iesdecelra\/wp-content\/uploads\/usu1789\/2023\/06\/Orenentes4.jpg\" alt=\"Orenentes4\" width=\"687\" height=\"798\" \/>\r\n\t\t\t\t\t\t\t\t\t\t<div class=\"slideshow_description_box slideshow_transparent\">\r\n\t\t\t\t\t\t<div class=\"slideshow_title\">Orenentes4<\/div>\t\t\t\t\t\t\t\t\t\t\t<\/div>\r\n\t\t\t\t<\/div>\r\n\r\n\t\t\t\t\t\t<div style=\"clear: both;\"><\/div><\/div><div class=\"slideshow_view\">\r\n\t\t\t\t<div class=\"slideshow_slide slideshow_slide_image\">\r\n\t\t\t\t\t\t\t\t\t\t\t<img src=\"https:\/\/agora.xtec.cat\/iesdecelra\/wp-content\/uploads\/usu1789\/2023\/06\/Orenenta6.jpg\" alt=\"Orenenta6\" width=\"1087\" height=\"723\" \/>\r\n\t\t\t\t\t\t\t\t\t\t<div class=\"slideshow_description_box slideshow_transparent\">\r\n\t\t\t\t\t\t<div class=\"slideshow_title\">Orenenta6<\/div>\t\t\t\t\t\t\t\t\t\t\t<\/div>\r\n\t\t\t\t<\/div>\r\n\r\n\t\t\t\t\t\t<div style=\"clear: both;\"><\/div><\/div><div class=\"slideshow_view\">\r\n\t\t\t\t<div class=\"slideshow_slide slideshow_slide_image\">\r\n\t\t\t\t\t\t\t\t\t\t\t<img src=\"https:\/\/agora.xtec.cat\/iesdecelra\/wp-content\/uploads\/usu1789\/2023\/06\/Orenentes2.jpg\" alt=\"Orenentes2\" width=\"1216\" height=\"763\" \/>\r\n\t\t\t\t\t\t\t\t\t\t<div class=\"slideshow_description_box slideshow_transparent\">\r\n\t\t\t\t\t\t<div class=\"slideshow_title\">Orenentes2<\/div>\t\t\t\t\t\t\t\t\t\t\t<\/div>\r\n\t\t\t\t<\/div>\r\n\r\n\t\t\t\t\t\t<div style=\"clear: both;\"><\/div><\/div>\r\n\t\t<\/div>\r\n\r\n\t\t<div class=\"slideshow_controlPanel slideshow_transparent\" style=\"display: none;\"><ul><li class=\"slideshow_togglePlay\" data-play-text=\"Visualitza\" data-pause-text=\"Pausa\"><\/li><\/ul><\/div>\r\n\r\n\t\t<div class=\"slideshow_button slideshow_previous slideshow_transparent\" role=\"button\" data-previous-text=\"Anterior\" style=\"display: none;\"><\/div>\r\n\t\t<div class=\"slideshow_button slideshow_next slideshow_transparent\" role=\"button\" data-next-text=\"Seg\u00fcent\" style=\"display: none;\"><\/div>\r\n\r\n\t\t<div class=\"slideshow_pagination\" style=\"display: none;\" data-go-to-text=\"V\u00e9s a la diapositiva\"><div class=\"slideshow_pagination_center\"><\/div><\/div>\r\n\r\n\t\t<!-- WordPress Slideshow Version 2.3.1 -->\r\n\r\n\t\t\t<\/div>\r\n\r\n\n","protected":false},"excerpt":{"rendered":"<p>Aquest final de curs, tots els alumnes de 3r d&#8217;ESO han participat en el &#8220;Projecte orenetes&#8221;, una iniciativa d&#8217;estudi dels ocells i el medi urb\u00e0 basada en la participaci\u00f3 ciutadana i en el seguiment dels nius d&#8217;oreneta cuablanca (Delichon urbicum) dels diferents pobles i ciutats&hellip;  <a href=\"https:\/\/agora.xtec.cat\/iesdecelra\/cursos\/eso\/eso-3\/en-cosntruccio-projecte-orenetes\/\" title=\"Read PROJECTE ORENETES\">Llegeix m\u00e9s\u00bb<\/a><\/p>\n","protected":false},"author":1,"featured_media":9527,"comment_status":"open","ping_status":"closed","sticky":false,"template":"","format":"standard","meta":{"_bbp_topic_count":0,"_bbp_reply_count":0,"_bbp_total_topic_count":0,"_bbp_total_reply_count":0,"_bbp_voice_count":0,"_bbp_anonymous_reply_count":0,"_bbp_topic_count_hidden":0,"_bbp_reply_count_hidden":0,"_bbp_forum_subforum_count":0,"footnotes":""},"categories":[103,6,299],"tags":[339,151],"class_list":["post-9525","post","type-post","status-publish","format-standard","has-post-thumbnail","hentry","category-actualitat","category-eso-3","category-insteam","tag-curs-2022-2023","tag-departament-de-ciencies-naturals"],"post_mailing_queue_ids":[],"_links":{"self":[{"href":"https:\/\/agora.xtec.cat\/iesdecelra\/wp-json\/wp\/v2\/posts\/9525","targetHints":{"allow":["GET"]}}],"collection":[{"href":"https:\/\/agora.xtec.cat\/iesdecelra\/wp-json\/wp\/v2\/posts"}],"about":[{"href":"https:\/\/agora.xtec.cat\/iesdecelra\/wp-json\/wp\/v2\/types\/post"}],"author":[{"embeddable":true,"href":"https:\/\/agora.xtec.cat\/iesdecelra\/wp-json\/wp\/v2\/users\/1"}],"replies":[{"embeddable":true,"href":"https:\/\/agora.xtec.cat\/iesdecelra\/wp-json\/wp\/v2\/comments?post=9525"}],"version-history":[{"count":3,"href":"https:\/\/agora.xtec.cat\/iesdecelra\/wp-json\/wp\/v2\/posts\/9525\/revisions"}],"predecessor-version":[{"id":9535,"href":"https:\/\/agora.xtec.cat\/iesdecelra\/wp-json\/wp\/v2\/posts\/9525\/revisions\/9535"}],"wp:featuredmedia":[{"embeddable":true,"href":"https:\/\/agora.xtec.cat\/iesdecelra\/wp-json\/wp\/v2\/media\/9527"}],"wp:attachment":[{"href":"https:\/\/agora.xtec.cat\/iesdecelra\/wp-json\/wp\/v2\/media?parent=9525"}],"wp:term":[{"taxonomy":"category","embeddable":true,"href":"https:\/\/agora.xtec.cat\/iesdecelra\/wp-json\/wp\/v2\/categories?post=9525"},{"taxonomy":"post_tag","embeddable":true,"href":"https:\/\/agora.xtec.cat\/iesdecelra\/wp-json\/wp\/v2\/tags?post=9525"}],"curies":[{"name":"wp","href":"https:\/\/api.w.org\/{rel}","templated":true}]}}