{"id":9497,"date":"2023-06-21T22:37:18","date_gmt":"2023-06-21T20:37:18","guid":{"rendered":"https:\/\/agora.xtec.cat\/iesdecelra\/?p=9497"},"modified":"2023-06-24T09:58:05","modified_gmt":"2023-06-24T07:58:05","slug":"acte-de-comiat-festiu-de-4t-deso","status":"publish","type":"post","link":"https:\/\/agora.xtec.cat\/iesdecelra\/cursos\/eso\/eso-4\/acte-de-comiat-festiu-de-4t-deso\/","title":{"rendered":"ACTE DE COMIAT FESTIU DE 4t d&#8217;ESO"},"content":{"rendered":"<p>El dimarts al mat\u00ed, els alumnes de 4t varen tancar l&#8217;etapa d&#8217;ESO amb un acte de comiat festiu a l&#8217;Ateneu. Va ser presentat pels alumnes de l&#8217;optativa de teatre de 4t, encetant-lo amb una breu representaci\u00f3.<\/p>\n<p>Tot l&#8217;acte va estar envoltat d&#8217;una emotivitat molt especial. La Laura Riera, directora del centre, va encoratjar els alumnes a continuar lluitant per aconseguir tots els somnis i projectes que es plantegin. A continuaci\u00f3, l&#8217;alumna Milena\u00a0Soitu\u00a0va cantar amb una veu sorprenent, que el p\u00fablic va acompanyar amb les llanternes dels m\u00f2bils. L&#8217;Antonio Aceituno va llegir unes estrofes del poema\u00a0<i>La calle de los pensamientos<\/i>, de David Usurelu, una de les composicions guanyadores del concurs de Sant Jordi. La Neus Ca\u00f1adas, la Jenabo Jabbie i la Marta Llosa tamb\u00e9 hi van voler fer sentir la veu dels alumnes amb uns breus parlaments, en qu\u00e8 combinaven emotivitat i an\u00e8cdotes divertides.<\/p>\n<p>Els moments m\u00e9s distesos i de molt bona harmonia van arribar quan els tutors van lliurar una orla de record de tot 4t a cada alumne, mentre es projectava una fotografia individual feta a 1r d&#8217;ESO. Tamb\u00e9 es\u00a0va visionar un v\u00eddeo de record amb fotografies actuals i de cursos anteriors: sortides, tallers, reunions, grups classes de 1r d&#8217;ESO, etc. en les quals el canvi dels alumnes era molt evident.<\/p>\n<p>Aix\u00ed mateix, les tutores i el tutor de 4t es van atrevir a mostrar-los fotografies seves de quan tenien 15 anys, com la d&#8217;ells actualment.\u00a0A m\u00e9s, per uns moments varen esdevenir concursants responent preguntes divertides i plenes de complicitat\u00a0referents a alumnes de 4t.<\/p>\n<p>Per acabar, hi va haver una agradable sorpresa: la intervenci\u00f3 telem\u00e0tica de l&#8217;\u00c8rika Juliol i la Paula Rivera des d&#8217;Argentina, on participaven en un campionat de patinatge. Per cert, van rebre un fort aplaudiment quan vam saber que s&#8217;havien proclamat campiones del m\u00f3n.<\/p>\n<p>Volem tancar aquest article fent refer\u00e8ncia al reconeixement d&#8217;aquells alumnes que al llarg del curs han destacat en algun \u00e0mbit: alumnes que es presenten a la prova externa de B2 en llengua francesa, alumnes que han estat escollits per participar en el Campus d&#8217;Estiu de la UdG (Irina D\u00e0vila, \u00c8rika Juliol i Clara Frigola); la Jovita Sagrera, com a autora del cartell guanyador de la Mostra de Teatre de Blanes; l&#8217;Arnau Teixidor, com a primer classificat de 4t d&#8217;ESO de la Prova Cangur de Matem\u00e0tiques d&#8217;enguany; l&#8217;Aniol Gibert, alumne escollit per participar en el 8\u00e8 F\u00f2rum de Joves Talents de Catalunya, i en Tom\u00e0s Planas i en Nico Mir\u00f3n, per ser finalistes en el concurs d&#8217;infografies, organitzat pel programa d&#8217;Educaci\u00f3 Financera i Emprenedora de Catalunya de l&#8217;Institut d&#8217;Estudis Financers.\u00a0 Enhorabona!<\/p>\n<div dir=\"auto\">\n<p>Per tancar l&#8217;acte de comiat, la coordinadora de 4t, l&#8217;Olga Soler, va adre\u00e7ar unes paraules als alumnes, en qu\u00e8 va fer una breu passada per tota aquesta etapa d&#8217;ESO tan intensa, plena de canvis, coneixences i il\u00b7lusions.<\/p>\n<p><b>Us\u00a0desitgem un cam\u00ed ben llarg.<\/b><\/p>\n<\/div>\n\r\n\t<div class=\"slideshow_container slideshow_container_style-light\" style=\"height: 500px; \" data-slideshow-id=\"9501\" data-style-name=\"style-light\" data-style-version=\"2.3.1\" >\r\n\r\n\t\t\t\t\t<div class=\"slideshow_loading_icon\"><\/div>\r\n\t\t\r\n\t\t<div class=\"slideshow_content\" style=\"display: none;\">\r\n\r\n\t\t\t<div class=\"slideshow_view\">\r\n\t\t\t\t<div class=\"slideshow_slide slideshow_slide_image\">\r\n\t\t\t\t\t\t\t\t\t\t\t<img src=\"https:\/\/agora.xtec.cat\/iesdecelra\/wp-content\/uploads\/usu1789\/2023\/06\/WhatsApp-Image-2023-06-21-at-15.54.51.jpeg\" alt=\"WhatsApp Image 2023-06-21 at 15.54.51\" width=\"1024\" height=\"525\" \/>\r\n\t\t\t\t\t\t\t\t\t\t<div class=\"slideshow_description_box slideshow_transparent\">\r\n\t\t\t\t\t\t<div class=\"slideshow_title\">WhatsApp Image 2023-06-21 at 15.54.51<\/div>\t\t\t\t\t\t\t\t\t\t\t<\/div>\r\n\t\t\t\t<\/div>\r\n\r\n\t\t\t\t\t\t<div style=\"clear: both;\"><\/div><\/div><div class=\"slideshow_view\">\r\n\t\t\t\t<div class=\"slideshow_slide slideshow_slide_image\">\r\n\t\t\t\t\t\t\t\t\t\t\t<img src=\"https:\/\/agora.xtec.cat\/iesdecelra\/wp-content\/uploads\/usu1789\/2023\/06\/WhatsApp-Image-2023-06-20-at-22.47.24.jpeg\" alt=\"WhatsApp Image 2023-06-20 at 22.47.24\" width=\"2048\" height=\"1536\" \/>\r\n\t\t\t\t\t\t\t\t\t\t<div class=\"slideshow_description_box slideshow_transparent\">\r\n\t\t\t\t\t\t<div class=\"slideshow_title\">WhatsApp Image 2023-06-20 at 22.47.24<\/div>\t\t\t\t\t\t\t\t\t\t\t<\/div>\r\n\t\t\t\t<\/div>\r\n\r\n\t\t\t\t\t\t<div style=\"clear: both;\"><\/div><\/div><div class=\"slideshow_view\">\r\n\t\t\t\t<div class=\"slideshow_slide slideshow_slide_image\">\r\n\t\t\t\t\t\t\t\t\t\t\t<img src=\"https:\/\/agora.xtec.cat\/iesdecelra\/wp-content\/uploads\/usu1789\/2023\/06\/WhatsApp-Image-2023-06-20-at-22.47.23-2.jpeg\" alt=\"WhatsApp Image 2023-06-20 at 22.47.23 (2)\" width=\"2048\" height=\"1536\" \/>\r\n\t\t\t\t\t\t\t\t\t\t<div class=\"slideshow_description_box slideshow_transparent\">\r\n\t\t\t\t\t\t<div class=\"slideshow_title\">WhatsApp Image 2023-06-20 at 22.47.23 (2)<\/div>\t\t\t\t\t\t\t\t\t\t\t<\/div>\r\n\t\t\t\t<\/div>\r\n\r\n\t\t\t\t\t\t<div style=\"clear: both;\"><\/div><\/div><div class=\"slideshow_view\">\r\n\t\t\t\t<div class=\"slideshow_slide slideshow_slide_image\">\r\n\t\t\t\t\t\t\t\t\t\t\t<img src=\"https:\/\/agora.xtec.cat\/iesdecelra\/wp-content\/uploads\/usu1789\/2023\/06\/WhatsApp-Image-2023-06-20-at-22.47.23-1.jpeg\" alt=\"WhatsApp Image 2023-06-20 at 22.47.23 (1)\" width=\"2048\" height=\"1536\" \/>\r\n\t\t\t\t\t\t\t\t\t\t<div class=\"slideshow_description_box slideshow_transparent\">\r\n\t\t\t\t\t\t<div class=\"slideshow_title\">WhatsApp Image 2023-06-20 at 22.47.23 (1)<\/div>\t\t\t\t\t\t\t\t\t\t\t<\/div>\r\n\t\t\t\t<\/div>\r\n\r\n\t\t\t\t\t\t<div style=\"clear: both;\"><\/div><\/div><div class=\"slideshow_view\">\r\n\t\t\t\t<div class=\"slideshow_slide slideshow_slide_image\">\r\n\t\t\t\t\t\t\t\t\t\t\t<img src=\"https:\/\/agora.xtec.cat\/iesdecelra\/wp-content\/uploads\/usu1789\/2023\/06\/WhatsApp-Image-2023-06-20-at-22.47.23.jpeg\" alt=\"WhatsApp Image 2023-06-20 at 22.47.23\" width=\"2000\" height=\"1500\" \/>\r\n\t\t\t\t\t\t\t\t\t\t<div class=\"slideshow_description_box slideshow_transparent\">\r\n\t\t\t\t\t\t<div class=\"slideshow_title\">WhatsApp Image 2023-06-20 at 22.47.23<\/div>\t\t\t\t\t\t\t\t\t\t\t<\/div>\r\n\t\t\t\t<\/div>\r\n\r\n\t\t\t\t\t\t<div style=\"clear: both;\"><\/div><\/div><div class=\"slideshow_view\">\r\n\t\t\t\t<div class=\"slideshow_slide slideshow_slide_image\">\r\n\t\t\t\t\t\t\t\t\t\t\t<img src=\"https:\/\/agora.xtec.cat\/iesdecelra\/wp-content\/uploads\/usu1789\/2023\/06\/WhatsApp-Image-2023-06-20-at-23.14.42.jpeg\" alt=\"WhatsApp Image 2023-06-20 at 23.14.42\" width=\"2048\" height=\"1536\" \/>\r\n\t\t\t\t\t\t\t\t\t\t<div class=\"slideshow_description_box slideshow_transparent\">\r\n\t\t\t\t\t\t<div class=\"slideshow_title\">WhatsApp Image 2023-06-20 at 23.14.42<\/div>\t\t\t\t\t\t\t\t\t\t\t<\/div>\r\n\t\t\t\t<\/div>\r\n\r\n\t\t\t\t\t\t<div style=\"clear: both;\"><\/div><\/div><div class=\"slideshow_view\">\r\n\t\t\t\t<div class=\"slideshow_slide slideshow_slide_image\">\r\n\t\t\t\t\t\t\t\t\t\t\t<img src=\"https:\/\/agora.xtec.cat\/iesdecelra\/wp-content\/uploads\/usu1789\/2023\/06\/WhatsApp-Image-2023-06-20-at-22.36.03.jpeg\" alt=\"WhatsApp Image 2023-06-20 at 22.36.03\" width=\"1200\" height=\"1600\" \/>\r\n\t\t\t\t\t\t\t\t\t\t<div class=\"slideshow_description_box slideshow_transparent\">\r\n\t\t\t\t\t\t<div class=\"slideshow_title\">WhatsApp Image 2023-06-20 at 22.36.03<\/div>\t\t\t\t\t\t\t\t\t\t\t<\/div>\r\n\t\t\t\t<\/div>\r\n\r\n\t\t\t\t\t\t<div style=\"clear: both;\"><\/div><\/div><div class=\"slideshow_view\">\r\n\t\t\t\t<div class=\"slideshow_slide slideshow_slide_image\">\r\n\t\t\t\t\t\t\t\t\t\t\t<img src=\"https:\/\/agora.xtec.cat\/iesdecelra\/wp-content\/uploads\/usu1789\/2023\/06\/WhatsApp-Image-2023-06-20-at-22.36.02-2.jpeg\" alt=\"WhatsApp Image 2023-06-20 at 22.36.02 (2)\" width=\"1500\" height=\"2000\" \/>\r\n\t\t\t\t\t\t\t\t\t\t<div class=\"slideshow_description_box slideshow_transparent\">\r\n\t\t\t\t\t\t<div class=\"slideshow_title\">WhatsApp Image 2023-06-20 at 22.36.02 (2)<\/div>\t\t\t\t\t\t\t\t\t\t\t<\/div>\r\n\t\t\t\t<\/div>\r\n\r\n\t\t\t\t\t\t<div style=\"clear: both;\"><\/div><\/div><div class=\"slideshow_view\">\r\n\t\t\t\t<div class=\"slideshow_slide slideshow_slide_image\">\r\n\t\t\t\t\t\t\t\t\t\t\t<img src=\"https:\/\/agora.xtec.cat\/iesdecelra\/wp-content\/uploads\/usu1789\/2023\/06\/WhatsApp-Image-2023-06-20-at-22.36.02-1.jpeg\" alt=\"WhatsApp Image 2023-06-20 at 22.36.02 (1)\" width=\"1500\" height=\"2000\" \/>\r\n\t\t\t\t\t\t\t\t\t\t<div class=\"slideshow_description_box slideshow_transparent\">\r\n\t\t\t\t\t\t<div class=\"slideshow_title\">WhatsApp Image 2023-06-20 at 22.36.02 (1)<\/div>\t\t\t\t\t\t\t\t\t\t\t<\/div>\r\n\t\t\t\t<\/div>\r\n\r\n\t\t\t\t\t\t<div style=\"clear: both;\"><\/div><\/div><div class=\"slideshow_view\">\r\n\t\t\t\t<div class=\"slideshow_slide slideshow_slide_image\">\r\n\t\t\t\t\t\t\t\t\t\t\t<img src=\"https:\/\/agora.xtec.cat\/iesdecelra\/wp-content\/uploads\/usu1789\/2023\/06\/WhatsApp-Image-2023-06-20-at-22.36.02.jpeg\" alt=\"WhatsApp Image 2023-06-20 at 22.36.02\" width=\"2000\" height=\"1500\" \/>\r\n\t\t\t\t\t\t\t\t\t\t<div class=\"slideshow_description_box slideshow_transparent\">\r\n\t\t\t\t\t\t<div class=\"slideshow_title\">WhatsApp Image 2023-06-20 at 22.36.02<\/div>\t\t\t\t\t\t\t\t\t\t\t<\/div>\r\n\t\t\t\t<\/div>\r\n\r\n\t\t\t\t\t\t<div style=\"clear: both;\"><\/div><\/div><div class=\"slideshow_view\">\r\n\t\t\t\t<div class=\"slideshow_slide slideshow_slide_image\">\r\n\t\t\t\t\t\t\t\t\t\t\t<img src=\"https:\/\/agora.xtec.cat\/iesdecelra\/wp-content\/uploads\/usu1789\/2023\/06\/WhatsApp-Image-2023-06-20-at-22.36.01-1.jpeg\" alt=\"WhatsApp Image 2023-06-20 at 22.36.01 (1)\" width=\"2000\" height=\"1500\" \/>\r\n\t\t\t\t\t\t\t\t\t\t<div class=\"slideshow_description_box slideshow_transparent\">\r\n\t\t\t\t\t\t<div class=\"slideshow_title\">WhatsApp Image 2023-06-20 at 22.36.01 (1)<\/div>\t\t\t\t\t\t\t\t\t\t\t<\/div>\r\n\t\t\t\t<\/div>\r\n\r\n\t\t\t\t\t\t<div style=\"clear: both;\"><\/div><\/div><div class=\"slideshow_view\">\r\n\t\t\t\t<div class=\"slideshow_slide slideshow_slide_image\">\r\n\t\t\t\t\t\t\t\t\t\t\t<img src=\"https:\/\/agora.xtec.cat\/iesdecelra\/wp-content\/uploads\/usu1789\/2023\/06\/WhatsApp-Image-2023-06-20-at-22.36.01.jpeg\" alt=\"WhatsApp Image 2023-06-20 at 22.36.01\" width=\"2000\" height=\"1500\" \/>\r\n\t\t\t\t\t\t\t\t\t\t<div class=\"slideshow_description_box slideshow_transparent\">\r\n\t\t\t\t\t\t<div class=\"slideshow_title\">WhatsApp Image 2023-06-20 at 22.36.01<\/div>\t\t\t\t\t\t\t\t\t\t\t<\/div>\r\n\t\t\t\t<\/div>\r\n\r\n\t\t\t\t\t\t<div style=\"clear: both;\"><\/div><\/div><div class=\"slideshow_view\">\r\n\t\t\t\t<div class=\"slideshow_slide slideshow_slide_image\">\r\n\t\t\t\t\t\t\t\t\t\t\t<img src=\"https:\/\/agora.xtec.cat\/iesdecelra\/wp-content\/uploads\/usu1789\/2023\/06\/WhatsApp-Image-2023-06-22-at-10.42.05.jpeg\" alt=\"WhatsApp Image 2023-06-22 at 10.42.05\" width=\"2000\" height=\"1500\" \/>\r\n\t\t\t\t\t\t\t\t\t\t<div class=\"slideshow_description_box slideshow_transparent\">\r\n\t\t\t\t\t\t<div class=\"slideshow_title\">WhatsApp Image 2023-06-22 at 10.42.05<\/div>\t\t\t\t\t\t\t\t\t\t\t<\/div>\r\n\t\t\t\t<\/div>\r\n\r\n\t\t\t\t\t\t<div style=\"clear: both;\"><\/div><\/div>\r\n\t\t<\/div>\r\n\r\n\t\t<div class=\"slideshow_controlPanel slideshow_transparent\" style=\"display: none;\"><ul><li class=\"slideshow_togglePlay\" data-play-text=\"Visualitza\" data-pause-text=\"Pausa\"><\/li><\/ul><\/div>\r\n\r\n\t\t<div class=\"slideshow_button slideshow_previous slideshow_transparent\" role=\"button\" data-previous-text=\"Anterior\" style=\"display: none;\"><\/div>\r\n\t\t<div class=\"slideshow_button slideshow_next slideshow_transparent\" role=\"button\" data-next-text=\"Seg\u00fcent\" style=\"display: none;\"><\/div>\r\n\r\n\t\t<div class=\"slideshow_pagination\" style=\"display: none;\" data-go-to-text=\"V\u00e9s a la diapositiva\"><div class=\"slideshow_pagination_center\"><\/div><\/div>\r\n\r\n\t\t<!-- WordPress Slideshow Version 2.3.1 -->\r\n\r\n\t\t\t<\/div>\r\n\r\n\n","protected":false},"excerpt":{"rendered":"<p>El dimarts al mat\u00ed, els alumnes de 4t varen tancar l&#8217;etapa d&#8217;ESO amb un acte de comiat festiu a l&#8217;Ateneu. Va ser presentat pels alumnes de l&#8217;optativa de teatre de 4t, encetant-lo amb una breu representaci\u00f3.<br \/>\nTot l&#8217;acte va estar envoltat d&#8217;una emotivitat molt especial. La&hellip;  <a href=\"https:\/\/agora.xtec.cat\/iesdecelra\/cursos\/eso\/eso-4\/acte-de-comiat-festiu-de-4t-deso\/\" title=\"Read ACTE DE COMIAT FESTIU DE 4t d&#8217;ESO\">Llegeix m\u00e9s\u00bb<\/a><\/p>\n","protected":false},"author":1,"featured_media":9513,"comment_status":"open","ping_status":"closed","sticky":false,"template":"","format":"standard","meta":{"_bbp_topic_count":0,"_bbp_reply_count":0,"_bbp_total_topic_count":0,"_bbp_total_reply_count":0,"_bbp_voice_count":0,"_bbp_anonymous_reply_count":0,"_bbp_topic_count_hidden":0,"_bbp_reply_count_hidden":0,"_bbp_forum_subforum_count":0,"footnotes":""},"categories":[103,7],"tags":[127,176,339,216,40,264],"class_list":["post-9497","post","type-post","status-publish","format-standard","has-post-thumbnail","hentry","category-actualitat","category-eso-4","tag-4t-deso","tag-ajuntament-de-celra","tag-curs-2022-2023","tag-premis","tag-teatre","tag-tutoria"],"post_mailing_queue_ids":[],"_links":{"self":[{"href":"https:\/\/agora.xtec.cat\/iesdecelra\/wp-json\/wp\/v2\/posts\/9497","targetHints":{"allow":["GET"]}}],"collection":[{"href":"https:\/\/agora.xtec.cat\/iesdecelra\/wp-json\/wp\/v2\/posts"}],"about":[{"href":"https:\/\/agora.xtec.cat\/iesdecelra\/wp-json\/wp\/v2\/types\/post"}],"author":[{"embeddable":true,"href":"https:\/\/agora.xtec.cat\/iesdecelra\/wp-json\/wp\/v2\/users\/1"}],"replies":[{"embeddable":true,"href":"https:\/\/agora.xtec.cat\/iesdecelra\/wp-json\/wp\/v2\/comments?post=9497"}],"version-history":[{"count":3,"href":"https:\/\/agora.xtec.cat\/iesdecelra\/wp-json\/wp\/v2\/posts\/9497\/revisions"}],"predecessor-version":[{"id":9524,"href":"https:\/\/agora.xtec.cat\/iesdecelra\/wp-json\/wp\/v2\/posts\/9497\/revisions\/9524"}],"wp:featuredmedia":[{"embeddable":true,"href":"https:\/\/agora.xtec.cat\/iesdecelra\/wp-json\/wp\/v2\/media\/9513"}],"wp:attachment":[{"href":"https:\/\/agora.xtec.cat\/iesdecelra\/wp-json\/wp\/v2\/media?parent=9497"}],"wp:term":[{"taxonomy":"category","embeddable":true,"href":"https:\/\/agora.xtec.cat\/iesdecelra\/wp-json\/wp\/v2\/categories?post=9497"},{"taxonomy":"post_tag","embeddable":true,"href":"https:\/\/agora.xtec.cat\/iesdecelra\/wp-json\/wp\/v2\/tags?post=9497"}],"curies":[{"name":"wp","href":"https:\/\/api.w.org\/{rel}","templated":true}]}}