{"id":9408,"date":"2023-06-12T12:54:35","date_gmt":"2023-06-12T10:54:35","guid":{"rendered":"https:\/\/agora.xtec.cat\/iesdecelra\/?p=9408"},"modified":"2023-06-13T13:37:50","modified_gmt":"2023-06-13T11:37:50","slug":"finalitzacio-del-projecte-etwinning-europe-our-dni-democracy-needs-attention","status":"publish","type":"post","link":"https:\/\/agora.xtec.cat\/iesdecelra\/actualitat\/finalitzacio-del-projecte-etwinning-europe-our-dni-democracy-needs-attention\/","title":{"rendered":"FINALITZACI\u00d3 DEL PROJECTE ETWINNING: &#8220;EUROPE OUR DNA: DEMOCRACY NEEDS ATTENTION&#8221;"},"content":{"rendered":"<p>Aquest curs l&#8217;Institut de Celr\u00e0 com a Escola Ambaixadora del Parlament Europeu ha participat en el projecte &#8220;Europe our DNA: Democracy Needs Attention&#8221;, que s&#8217;ha desenvolupat a la plataforma educativa eTwinning de la Comissi\u00f3 Europea.<\/p>\n<p>Amb 51 centres inscrits d&#8217;arreu d&#8217;Europa i un total de 102 alumnes participants (2 per centre), el projecte ha comptat amb 6 professors-mentors, entre les quals la professora Mireia Guillaumes de l&#8217;Institut de Celr\u00e0 que s&#8217;ha afegit al projecte liderat per l&#8217;austr\u00edaca Nicole Weringa, coordinadora europea dels projectes eTwinning d&#8217;Escoles Ambaixadores Europees.<\/p>\n<p>Pel que fa a les alumnes, les dues coordinadores j\u00fanior d&#8217;alumnes ambaixadors europeus, la Gina Fontan\u00e9 de 1r de Batxillerat i la Paula Rivera de 4t d&#8217;ESO, han rebut el certificat de superaci\u00f3. Al llarg del curs, la Gina i la Paula han format part d&#8217;equips de treball amb alumnes de diferents nacionalitats europees, i participat en webinars on experts europeus han buscat l&#8217;opini\u00f3 argumentada dels estudiants en l&#8217;an\u00e0lisi de com els mitjans de comunicaci\u00f3 i les xarxes socials poden tenir efecte en el funcionament de les institucions democr\u00e0tiques europees.<\/p>\n<p><img loading=\"lazy\" decoding=\"async\" class=\"aligncenter size-full wp-image-9411\" src=\"https:\/\/agora.xtec.cat\/iesdecelra\/wp-content\/uploads\/usu1789\/2023\/06\/20230611_203106.jpg\" alt=\"\" width=\"1262\" height=\"1895\" srcset=\"https:\/\/agora.xtec.cat\/iesdecelra\/wp-content\/uploads\/usu1789\/2023\/06\/20230611_203106.jpg 1262w, https:\/\/agora.xtec.cat\/iesdecelra\/wp-content\/uploads\/usu1789\/2023\/06\/20230611_203106-200x300.jpg 200w, https:\/\/agora.xtec.cat\/iesdecelra\/wp-content\/uploads\/usu1789\/2023\/06\/20230611_203106-682x1024.jpg 682w, https:\/\/agora.xtec.cat\/iesdecelra\/wp-content\/uploads\/usu1789\/2023\/06\/20230611_203106-768x1153.jpg 768w, https:\/\/agora.xtec.cat\/iesdecelra\/wp-content\/uploads\/usu1789\/2023\/06\/20230611_203106-1023x1536.jpg 1023w\" sizes=\"auto, (max-width: 1262px) 100vw, 1262px\" \/><\/p>\n","protected":false},"excerpt":{"rendered":"<p>Aquest curs l&#8217;Institut de Celr\u00e0 com a Escola Ambaixadora del Parlament Europeu ha participat en el projecte &#8220;Europe our DNA: Democracy Needs Attention&#8221;, que s&#8217;ha desenvolupat a la plataforma educativa eTwinning de la Comissi\u00f3 Europea.<br \/>\nAmb 51 centres inscrits d&#8217;arreu d&#8217;Europa i un total de 102&hellip;  <a href=\"https:\/\/agora.xtec.cat\/iesdecelra\/actualitat\/finalitzacio-del-projecte-etwinning-europe-our-dni-democracy-needs-attention\/\" title=\"Read FINALITZACI\u00d3 DEL PROJECTE ETWINNING: &#8220;EUROPE OUR DNA: DEMOCRACY NEEDS ATTENTION&#8221;\">Llegeix m\u00e9s\u00bb<\/a><\/p>\n","protected":false},"author":1,"featured_media":9413,"comment_status":"open","ping_status":"closed","sticky":false,"template":"","format":"standard","meta":{"_bbp_topic_count":0,"_bbp_reply_count":0,"_bbp_total_topic_count":0,"_bbp_total_reply_count":0,"_bbp_voice_count":0,"_bbp_anonymous_reply_count":0,"_bbp_topic_count_hidden":0,"_bbp_reply_count_hidden":0,"_bbp_forum_subforum_count":0,"footnotes":""},"categories":[103,340],"tags":[323,339,301],"class_list":["post-9408","post","type-post","status-publish","format-standard","has-post-thumbnail","hentry","category-actualitat","category-ambassador-school","tag-ambaixadors-europeus","tag-curs-2022-2023","tag-projectes-europeus"],"post_mailing_queue_ids":[],"_links":{"self":[{"href":"https:\/\/agora.xtec.cat\/iesdecelra\/wp-json\/wp\/v2\/posts\/9408","targetHints":{"allow":["GET"]}}],"collection":[{"href":"https:\/\/agora.xtec.cat\/iesdecelra\/wp-json\/wp\/v2\/posts"}],"about":[{"href":"https:\/\/agora.xtec.cat\/iesdecelra\/wp-json\/wp\/v2\/types\/post"}],"author":[{"embeddable":true,"href":"https:\/\/agora.xtec.cat\/iesdecelra\/wp-json\/wp\/v2\/users\/1"}],"replies":[{"embeddable":true,"href":"https:\/\/agora.xtec.cat\/iesdecelra\/wp-json\/wp\/v2\/comments?post=9408"}],"version-history":[{"count":3,"href":"https:\/\/agora.xtec.cat\/iesdecelra\/wp-json\/wp\/v2\/posts\/9408\/revisions"}],"predecessor-version":[{"id":9432,"href":"https:\/\/agora.xtec.cat\/iesdecelra\/wp-json\/wp\/v2\/posts\/9408\/revisions\/9432"}],"wp:featuredmedia":[{"embeddable":true,"href":"https:\/\/agora.xtec.cat\/iesdecelra\/wp-json\/wp\/v2\/media\/9413"}],"wp:attachment":[{"href":"https:\/\/agora.xtec.cat\/iesdecelra\/wp-json\/wp\/v2\/media?parent=9408"}],"wp:term":[{"taxonomy":"category","embeddable":true,"href":"https:\/\/agora.xtec.cat\/iesdecelra\/wp-json\/wp\/v2\/categories?post=9408"},{"taxonomy":"post_tag","embeddable":true,"href":"https:\/\/agora.xtec.cat\/iesdecelra\/wp-json\/wp\/v2\/tags?post=9408"}],"curies":[{"name":"wp","href":"https:\/\/api.w.org\/{rel}","templated":true}]}}