{"id":9314,"date":"2023-06-02T11:56:09","date_gmt":"2023-06-02T09:56:09","guid":{"rendered":"https:\/\/agora.xtec.cat\/iesdecelra\/?p=9314"},"modified":"2023-06-17T12:19:44","modified_gmt":"2023-06-17T10:19:44","slug":"representacions-teatrals-de-fi-de-curs","status":"publish","type":"post","link":"https:\/\/agora.xtec.cat\/iesdecelra\/actualitat\/representacions-teatrals-de-fi-de-curs\/","title":{"rendered":"NI ROMEU NI JULIETA i NOM\u00c9S \u00c9S UNA FESTA"},"content":{"rendered":"<p>Divendres 2 de juny va arribar l&#8217;esperat dia de les representacions de les obres de teatre que han estat preparant els alumnes de les optatives de Teatre de 3r i 4t. El mateix divendres es varen fer tres representacions de cada obra, dos al mat\u00ed pels diferents nivells d&#8217;alumnes de l&#8217;institut, i una al vespre oberta al p\u00fablic.<\/p>\n<p>L&#8217;obra de 4t, titulada &#8220;Ni Romeu ni Julieta&#8221; explica la hist\u00f2ria d&#8217;un un grup d\u2019alumnes de 4t que decideixen fer una obra de teatre, Romeu i Julieta, per guanyar diners per al viatge de final de curs. A mesura que avancen els assajos, les vides i els sentiments dels actors (alumnes) es barregen amb els dels personatges de William Shakespeare.<\/p>\n<p>Aquest any els alumnes de 3r han treballat des de zero en el proc\u00e9s de creaci\u00f3 d&#8217;una obra de teatre: el tema, la situaci\u00f3, els personatges, l&#8217;escenografia, el vestuari i el gui\u00f3. Aix\u00f2 ens ha perm\u00e8s fer-nos nostre el projecte: &#8220;Nom\u00e9s \u00e9s una festa&#8221;. La hist\u00f2ria parla d&#8217;un grup de joves que se&#8217;n van una setmana de col\u00f2nies d&#8217;estiu i que tenen la decidida intenci\u00f3 de fer una festa la \u00faltima nit. Per\u00f2 per fer la festa que a ells els agradaria, caldr\u00e0 que se les empesquin per aconseguir el que necessiten.<\/p>\n<p>L&#8217;enhorabona per les representacions i la feina feta!!<\/p>\n<p>&nbsp;<\/p>\n<div><\/div>\n","protected":false},"excerpt":{"rendered":"<p>Divendres 2 de juny va arribar l&#8217;esperat dia de les representacions de les obres de teatre que han estat preparant els alumnes de les optatives de Teatre de 3r i 4t. El mateix divendres es varen fer tres representacions de cada obra, dos al mat\u00ed&hellip;  <a href=\"https:\/\/agora.xtec.cat\/iesdecelra\/actualitat\/representacions-teatrals-de-fi-de-curs\/\" title=\"Read NI ROMEU NI JULIETA i NOM\u00c9S \u00c9S UNA FESTA\">Llegeix m\u00e9s\u00bb<\/a><\/p>\n","protected":false},"author":1,"featured_media":0,"comment_status":"open","ping_status":"closed","sticky":false,"template":"","format":"standard","meta":{"_bbp_topic_count":0,"_bbp_reply_count":0,"_bbp_total_topic_count":0,"_bbp_total_reply_count":0,"_bbp_voice_count":0,"_bbp_anonymous_reply_count":0,"_bbp_topic_count_hidden":0,"_bbp_reply_count_hidden":0,"_bbp_forum_subforum_count":0,"footnotes":""},"categories":[103],"tags":[233,127,339,40],"class_list":["post-9314","post","type-post","status-publish","format-standard","hentry","category-actualitat","tag-3r-deso","tag-4t-deso","tag-curs-2022-2023","tag-teatre"],"post_mailing_queue_ids":[],"_links":{"self":[{"href":"https:\/\/agora.xtec.cat\/iesdecelra\/wp-json\/wp\/v2\/posts\/9314","targetHints":{"allow":["GET"]}}],"collection":[{"href":"https:\/\/agora.xtec.cat\/iesdecelra\/wp-json\/wp\/v2\/posts"}],"about":[{"href":"https:\/\/agora.xtec.cat\/iesdecelra\/wp-json\/wp\/v2\/types\/post"}],"author":[{"embeddable":true,"href":"https:\/\/agora.xtec.cat\/iesdecelra\/wp-json\/wp\/v2\/users\/1"}],"replies":[{"embeddable":true,"href":"https:\/\/agora.xtec.cat\/iesdecelra\/wp-json\/wp\/v2\/comments?post=9314"}],"version-history":[{"count":3,"href":"https:\/\/agora.xtec.cat\/iesdecelra\/wp-json\/wp\/v2\/posts\/9314\/revisions"}],"predecessor-version":[{"id":9468,"href":"https:\/\/agora.xtec.cat\/iesdecelra\/wp-json\/wp\/v2\/posts\/9314\/revisions\/9468"}],"wp:attachment":[{"href":"https:\/\/agora.xtec.cat\/iesdecelra\/wp-json\/wp\/v2\/media?parent=9314"}],"wp:term":[{"taxonomy":"category","embeddable":true,"href":"https:\/\/agora.xtec.cat\/iesdecelra\/wp-json\/wp\/v2\/categories?post=9314"},{"taxonomy":"post_tag","embeddable":true,"href":"https:\/\/agora.xtec.cat\/iesdecelra\/wp-json\/wp\/v2\/tags?post=9314"}],"curies":[{"name":"wp","href":"https:\/\/api.w.org\/{rel}","templated":true}]}}