{"id":9277,"date":"2023-06-01T14:16:34","date_gmt":"2023-06-01T12:16:34","guid":{"rendered":"https:\/\/agora.xtec.cat\/iesdecelra\/?p=9277"},"modified":"2023-06-17T12:17:47","modified_gmt":"2023-06-17T10:17:47","slug":"classe-de-robotica-al-centre-penitenciari-puig-de-les-basses","status":"publish","type":"post","link":"https:\/\/agora.xtec.cat\/iesdecelra\/actualitat\/classe-de-robotica-al-centre-penitenciari-puig-de-les-basses\/","title":{"rendered":"CLASSE DE ROB\u00d2TICA AL CENTRE PENITENCIARI &#8220;PUIG DE LES BASSES&#8221;"},"content":{"rendered":"<p>El dimecres 31 de maig l&#8217;Albert Ferr\u00e9, professor de Rob\u00f2tica de l&#8217;Institut de Celr\u00e0, va impartir classes d&#8217;aquesta mat\u00e8ria a residents del Centre Penitenciari &#8220;Puig de les Basses&#8221; de Figueres. Aquesta doc\u00e8ncia est\u00e0 inclosa dins la programaci\u00f3 del CFA Tramuntana, el Centre de Formaci\u00f3 d&#8217;Adults de Figueres.<\/p>\n","protected":false},"excerpt":{"rendered":"<p>El dimecres 31 de maig l&#8217;Albert Ferr\u00e9, professor de Rob\u00f2tica de l&#8217;Institut de Celr\u00e0, va impartir classes d&#8217;aquesta mat\u00e8ria a residents del Centre Penitenciari &#8220;Puig de les Basses&#8221; de Figueres. Aquesta doc\u00e8ncia est\u00e0 inclosa dins la programaci\u00f3 del CFA Tramuntana, el Centre de Formaci\u00f3 d&#8217;Adults&hellip;  <a href=\"https:\/\/agora.xtec.cat\/iesdecelra\/actualitat\/classe-de-robotica-al-centre-penitenciari-puig-de-les-basses\/\" title=\"Read CLASSE DE ROB\u00d2TICA AL CENTRE PENITENCIARI &#8220;PUIG DE LES BASSES&#8221;\">Llegeix m\u00e9s\u00bb<\/a><\/p>\n","protected":false},"author":1,"featured_media":9278,"comment_status":"open","ping_status":"closed","sticky":false,"template":"","format":"standard","meta":{"_bbp_topic_count":0,"_bbp_reply_count":0,"_bbp_total_topic_count":0,"_bbp_total_reply_count":0,"_bbp_voice_count":0,"_bbp_anonymous_reply_count":0,"_bbp_topic_count_hidden":0,"_bbp_reply_count_hidden":0,"_bbp_forum_subforum_count":0,"footnotes":""},"categories":[103],"tags":[339,209],"class_list":["post-9277","post","type-post","status-publish","format-standard","has-post-thumbnail","hentry","category-actualitat","tag-curs-2022-2023","tag-departament-de-tecnologia"],"post_mailing_queue_ids":[],"_links":{"self":[{"href":"https:\/\/agora.xtec.cat\/iesdecelra\/wp-json\/wp\/v2\/posts\/9277","targetHints":{"allow":["GET"]}}],"collection":[{"href":"https:\/\/agora.xtec.cat\/iesdecelra\/wp-json\/wp\/v2\/posts"}],"about":[{"href":"https:\/\/agora.xtec.cat\/iesdecelra\/wp-json\/wp\/v2\/types\/post"}],"author":[{"embeddable":true,"href":"https:\/\/agora.xtec.cat\/iesdecelra\/wp-json\/wp\/v2\/users\/1"}],"replies":[{"embeddable":true,"href":"https:\/\/agora.xtec.cat\/iesdecelra\/wp-json\/wp\/v2\/comments?post=9277"}],"version-history":[{"count":3,"href":"https:\/\/agora.xtec.cat\/iesdecelra\/wp-json\/wp\/v2\/posts\/9277\/revisions"}],"predecessor-version":[{"id":9467,"href":"https:\/\/agora.xtec.cat\/iesdecelra\/wp-json\/wp\/v2\/posts\/9277\/revisions\/9467"}],"wp:featuredmedia":[{"embeddable":true,"href":"https:\/\/agora.xtec.cat\/iesdecelra\/wp-json\/wp\/v2\/media\/9278"}],"wp:attachment":[{"href":"https:\/\/agora.xtec.cat\/iesdecelra\/wp-json\/wp\/v2\/media?parent=9277"}],"wp:term":[{"taxonomy":"category","embeddable":true,"href":"https:\/\/agora.xtec.cat\/iesdecelra\/wp-json\/wp\/v2\/categories?post=9277"},{"taxonomy":"post_tag","embeddable":true,"href":"https:\/\/agora.xtec.cat\/iesdecelra\/wp-json\/wp\/v2\/tags?post=9277"}],"curies":[{"name":"wp","href":"https:\/\/api.w.org\/{rel}","templated":true}]}}