{"id":9197,"date":"2023-05-30T09:43:34","date_gmt":"2023-05-30T07:43:34","guid":{"rendered":"https:\/\/agora.xtec.cat\/iesdecelra\/?p=9197"},"modified":"2023-05-30T09:44:10","modified_gmt":"2023-05-30T07:44:10","slug":"premi-proves-cangur","status":"publish","type":"post","link":"https:\/\/agora.xtec.cat\/iesdecelra\/cursos\/batxillerat\/premi-proves-cangur\/","title":{"rendered":"PREMI PROVES CANGUR"},"content":{"rendered":"<p><span style=\"font-weight: 400;\">El passat dimarts 23 de maig es va fer entrega dels premis de les Proves Cangur de matem\u00e0tiques a Barcelona. Un any m\u00e9s, el nostre alumne Gerard Capuz Francisco hi va assistir per recollir el premi a la 3a posici\u00f3 dels gaireb\u00e9 4500 participants en la seva categoria a Catalunya. Un lloc molt meritori i merescud\u00edssim!<\/span><\/p>\n<p><span style=\"font-weight: 400;\">Per\u00f2 aquesta no \u00e9s l\u2019\u00fanica fita que ha aconseguit en Gerard aquest curs. El passat desembre es va classificar en 9\u00e8 lloc a l&#8217;Olimp\u00edada Matem\u00e0tica Catalana (que forma part de l\u2019Olimp\u00edada Internacional), essent l\u2019\u00fanic alumne de 1r de batxillerat que ho va aconseguir en aquesta edici\u00f3. Aix\u00f2 li va donar l\u2019oportunitat de participar en la fase espanyola d\u2019aquesta Olimp\u00edada, que es va celebrar el mar\u00e7 d\u2019aquest any a Le\u00f3n.<\/span><\/p>\n<p><span style=\"font-weight: 400;\">Al febrer va participar al Math Contest, un concurs amist\u00f3s de tres dies organitzat per la Universitat Polit\u00e8cnica de Barcelona (UPC) on s&#8217;accedeix per invitaci\u00f3. Igualment, en aquest passat 20 de maig ha participat en un altre concurs amist\u00f3s de la UPC per celebrar el final de l\u2019any escolar, la Spring Math Olimpiada.<\/span><\/p>\n<p><span style=\"font-weight: 400;\">Per\u00f2, tot i estar gaireb\u00e9 a final de curs, a en Gerard encara li queden molts esdeveniments matem\u00e0tics per gaudir:<\/span><\/p>\n<p><span style=\"font-weight: 400;\">A finals de juny ser\u00e0 a les preparacions de les Olimp\u00edades Internacionals que fa la UPC, amb un intensiu durant una setmana. Hi ha accedit convidat per la universitat i compartir\u00e0 estada amb els sis guanyadors de l\u2019Olimp\u00edada Espanyola.\u00a0<\/span><\/p>\n<p><span style=\"font-weight: 400;\">A principis de juliol anir\u00e0 cinc dies a Crac\u00f2via per assistir a l\u2019Escola d\u2019Estiu organitzada per la Societat Europea de Matem\u00e0tiques on nom\u00e9s tenen acc\u00e9s 20 participants. \u00c9s un dels tres catalans que hi va, recomanat per la Societat Catalana de Matem\u00e0tiques.<\/span><\/p>\n<p><span style=\"font-weight: 400;\">I per acabar l\u2019estiu, al setembre gaudir\u00e0 d\u2019un dels premis que ha aconseguit a les Proves Cangur: participar en el Campus Cangur durant tres dies amb les despeses pagades.<\/span><\/p>\n<p><span style=\"font-weight: 400;\">Moltes felicitats, Gerard, per totes aquestes fites aconseguides! Esperem que t\u2019ho hagis passat molt b\u00e9 i que gaudeixis molt de tot el que t\u2019espera aquest estiu!<\/span><\/p>\n<p><span style=\"font-weight: 400;\"><img loading=\"lazy\" decoding=\"async\" class=\"aligncenter size-full wp-image-9204\" src=\"https:\/\/agora.xtec.cat\/iesdecelra\/wp-content\/uploads\/usu1789\/2023\/05\/Capuz-Proves-Cangur.jpg\" alt=\"\" width=\"538\" height=\"649\" srcset=\"https:\/\/agora.xtec.cat\/iesdecelra\/wp-content\/uploads\/usu1789\/2023\/05\/Capuz-Proves-Cangur.jpg 538w, https:\/\/agora.xtec.cat\/iesdecelra\/wp-content\/uploads\/usu1789\/2023\/05\/Capuz-Proves-Cangur-249x300.jpg 249w\" sizes=\"auto, (max-width: 538px) 100vw, 538px\" \/><\/span><\/p>\n","protected":false},"excerpt":{"rendered":"<p>El passat dimarts 23 de maig es va fer entrega dels premis de les Proves Cangur de matem\u00e0tiques a Barcelona. Un any m\u00e9s, el nostre alumne Gerard Capuz Francisco hi va assistir per recollir el premi a la 3a posici\u00f3 dels gaireb\u00e9 4500 participants en&hellip;  <a href=\"https:\/\/agora.xtec.cat\/iesdecelra\/cursos\/batxillerat\/premi-proves-cangur\/\" title=\"Read PREMI PROVES CANGUR\">Llegeix m\u00e9s\u00bb<\/a><\/p>\n","protected":false},"author":1,"featured_media":9203,"comment_status":"open","ping_status":"closed","sticky":false,"template":"","format":"standard","meta":{"_bbp_topic_count":0,"_bbp_reply_count":0,"_bbp_total_topic_count":0,"_bbp_total_reply_count":0,"_bbp_voice_count":0,"_bbp_anonymous_reply_count":0,"_bbp_topic_count_hidden":0,"_bbp_reply_count_hidden":0,"_bbp_forum_subforum_count":0,"footnotes":""},"categories":[103,8,218],"tags":[115,339,216],"class_list":["post-9197","post","type-post","status-publish","format-standard","has-post-thumbnail","hentry","category-actualitat","category-batxillerat","category-concursos-i-premis","tag-batxillerat","tag-curs-2022-2023","tag-premis"],"post_mailing_queue_ids":[],"_links":{"self":[{"href":"https:\/\/agora.xtec.cat\/iesdecelra\/wp-json\/wp\/v2\/posts\/9197","targetHints":{"allow":["GET"]}}],"collection":[{"href":"https:\/\/agora.xtec.cat\/iesdecelra\/wp-json\/wp\/v2\/posts"}],"about":[{"href":"https:\/\/agora.xtec.cat\/iesdecelra\/wp-json\/wp\/v2\/types\/post"}],"author":[{"embeddable":true,"href":"https:\/\/agora.xtec.cat\/iesdecelra\/wp-json\/wp\/v2\/users\/1"}],"replies":[{"embeddable":true,"href":"https:\/\/agora.xtec.cat\/iesdecelra\/wp-json\/wp\/v2\/comments?post=9197"}],"version-history":[{"count":2,"href":"https:\/\/agora.xtec.cat\/iesdecelra\/wp-json\/wp\/v2\/posts\/9197\/revisions"}],"predecessor-version":[{"id":9205,"href":"https:\/\/agora.xtec.cat\/iesdecelra\/wp-json\/wp\/v2\/posts\/9197\/revisions\/9205"}],"wp:featuredmedia":[{"embeddable":true,"href":"https:\/\/agora.xtec.cat\/iesdecelra\/wp-json\/wp\/v2\/media\/9203"}],"wp:attachment":[{"href":"https:\/\/agora.xtec.cat\/iesdecelra\/wp-json\/wp\/v2\/media?parent=9197"}],"wp:term":[{"taxonomy":"category","embeddable":true,"href":"https:\/\/agora.xtec.cat\/iesdecelra\/wp-json\/wp\/v2\/categories?post=9197"},{"taxonomy":"post_tag","embeddable":true,"href":"https:\/\/agora.xtec.cat\/iesdecelra\/wp-json\/wp\/v2\/tags?post=9197"}],"curies":[{"name":"wp","href":"https:\/\/api.w.org\/{rel}","templated":true}]}}