{"id":9170,"date":"2023-05-30T10:00:22","date_gmt":"2023-05-30T08:00:22","guid":{"rendered":"https:\/\/agora.xtec.cat\/iesdecelra\/?p=9170"},"modified":"2023-05-31T10:10:32","modified_gmt":"2023-05-31T08:10:32","slug":"programa-la-mar-de-net","status":"publish","type":"post","link":"https:\/\/agora.xtec.cat\/iesdecelra\/cursos\/eso\/eso-4\/programa-la-mar-de-net\/","title":{"rendered":"PARTICIPACI\u00d3 AL PROGRAMA LA MAR DE NET"},"content":{"rendered":"<p><span style=\"font-family: arial, sans-serif;\">Els alumnes de l&#8217;optativa de Tecnologia de 4t d&#8217;ESO han participat en el programa La Mar de Net que organitza la <a href=\"https:\/\/mardenet.creativationchallenge.com\/\">Fundaci\u00f3 de Creativaci\u00f3<\/a>. Aquest concurs<\/span><span style=\"font-family: arial, sans-serif;\">\u00a0vol aconseguir que els joves de les comarques del litoral giron\u00ed coneguin la tasca que desenvolupen els pescadors recollint el pl\u00e0stic que troben al mar. A partir d&#8217;aquest coneixement, se&#8217;ls demana idear projectes en el seu entorn proper per tal de minimitzar l&#8217;impacte hum\u00e0 en el mar.<\/span><\/p>\n<div>\n<p><span style=\"color: #3f4359; font-family: arial, sans-serif;\">Els alumnes han dissenyat i constru\u00eft unes maquetes de vaixells per recollir els pl\u00e0stics que trobem en el nostre litoral.<\/span><\/p>\n<p><img loading=\"lazy\" decoding=\"async\" class=\"aligncenter wp-image-9250\" src=\"https:\/\/agora.xtec.cat\/iesdecelra\/wp-content\/uploads\/usu1789\/2023\/05\/La-Mar-de-net-1.jpg\" alt=\"\" width=\"668\" height=\"386\" srcset=\"https:\/\/agora.xtec.cat\/iesdecelra\/wp-content\/uploads\/usu1789\/2023\/05\/La-Mar-de-net-1.jpg 993w, https:\/\/agora.xtec.cat\/iesdecelra\/wp-content\/uploads\/usu1789\/2023\/05\/La-Mar-de-net-1-300x173.jpg 300w, https:\/\/agora.xtec.cat\/iesdecelra\/wp-content\/uploads\/usu1789\/2023\/05\/La-Mar-de-net-1-768x444.jpg 768w\" sizes=\"auto, (max-width: 668px) 100vw, 668px\" \/><\/p>\n<p><span style=\"color: #3f4359; font-family: arial, sans-serif;\">La proposta presentada des del centre ha conven\u00e7ut i per aquest motiu el dimarts 23 de maig des del programa, els han vingut a impartir un taller de comunicaci\u00f3 per poder preparar la defensa del projecte davant el tribunal que comptar\u00e0 amb la <\/span>consellera del Departament d&#8217;acci\u00f3 clim\u00e0tica, alimentaci\u00f3 i agenda rural.<\/p>\n<p><img loading=\"lazy\" decoding=\"async\" class=\"aligncenter wp-image-9171\" src=\"https:\/\/agora.xtec.cat\/iesdecelra\/wp-content\/uploads\/usu1789\/2023\/05\/20230523_092351-scaled.jpg\" alt=\"\" width=\"665\" height=\"498\" srcset=\"https:\/\/agora.xtec.cat\/iesdecelra\/wp-content\/uploads\/usu1789\/2023\/05\/20230523_092351-scaled.jpg 2560w, https:\/\/agora.xtec.cat\/iesdecelra\/wp-content\/uploads\/usu1789\/2023\/05\/20230523_092351-300x225.jpg 300w, https:\/\/agora.xtec.cat\/iesdecelra\/wp-content\/uploads\/usu1789\/2023\/05\/20230523_092351-1024x768.jpg 1024w, https:\/\/agora.xtec.cat\/iesdecelra\/wp-content\/uploads\/usu1789\/2023\/05\/20230523_092351-768x576.jpg 768w, https:\/\/agora.xtec.cat\/iesdecelra\/wp-content\/uploads\/usu1789\/2023\/05\/20230523_092351-1536x1152.jpg 1536w, https:\/\/agora.xtec.cat\/iesdecelra\/wp-content\/uploads\/usu1789\/2023\/05\/20230523_092351-2048x1536.jpg 2048w, https:\/\/agora.xtec.cat\/iesdecelra\/wp-content\/uploads\/usu1789\/2023\/05\/20230523_092351-200x150.jpg 200w\" sizes=\"auto, (max-width: 665px) 100vw, 665px\" \/><\/p>\n<p>Molta sort en la defensa del dia 8 de juny!<\/p>\n<p>&nbsp;<\/p>\n<\/div>\n","protected":false},"excerpt":{"rendered":"<p>Els alumnes de l&#8217;optativa de Tecnologia de 4t d&#8217;ESO han participat en el programa La Mar de Net que organitza la <a href=\"https:\/\/mardenet.creativationchallenge.com\/\">Fundaci\u00f3 de Creativaci\u00f3<\/a>. Aquest concurs\u00a0vol aconseguir que els joves de les comarques del litoral giron\u00ed coneguin la tasca que desenvolupen els pescadors recollint&hellip;  <a href=\"https:\/\/agora.xtec.cat\/iesdecelra\/cursos\/eso\/eso-4\/programa-la-mar-de-net\/\" title=\"Read PARTICIPACI\u00d3 AL PROGRAMA LA MAR DE NET\">Llegeix m\u00e9s\u00bb<\/a><\/p>\n","protected":false},"author":1,"featured_media":9251,"comment_status":"open","ping_status":"closed","sticky":false,"template":"","format":"standard","meta":{"_bbp_topic_count":0,"_bbp_reply_count":0,"_bbp_total_topic_count":0,"_bbp_total_reply_count":0,"_bbp_voice_count":0,"_bbp_anonymous_reply_count":0,"_bbp_topic_count_hidden":0,"_bbp_reply_count_hidden":0,"_bbp_forum_subforum_count":0,"footnotes":""},"categories":[103,7,326],"tags":[339,209],"class_list":["post-9170","post","type-post","status-publish","format-standard","has-post-thumbnail","hentry","category-actualitat","category-eso-4","category-steam","tag-curs-2022-2023","tag-departament-de-tecnologia"],"post_mailing_queue_ids":[],"_links":{"self":[{"href":"https:\/\/agora.xtec.cat\/iesdecelra\/wp-json\/wp\/v2\/posts\/9170","targetHints":{"allow":["GET"]}}],"collection":[{"href":"https:\/\/agora.xtec.cat\/iesdecelra\/wp-json\/wp\/v2\/posts"}],"about":[{"href":"https:\/\/agora.xtec.cat\/iesdecelra\/wp-json\/wp\/v2\/types\/post"}],"author":[{"embeddable":true,"href":"https:\/\/agora.xtec.cat\/iesdecelra\/wp-json\/wp\/v2\/users\/1"}],"replies":[{"embeddable":true,"href":"https:\/\/agora.xtec.cat\/iesdecelra\/wp-json\/wp\/v2\/comments?post=9170"}],"version-history":[{"count":3,"href":"https:\/\/agora.xtec.cat\/iesdecelra\/wp-json\/wp\/v2\/posts\/9170\/revisions"}],"predecessor-version":[{"id":9254,"href":"https:\/\/agora.xtec.cat\/iesdecelra\/wp-json\/wp\/v2\/posts\/9170\/revisions\/9254"}],"wp:featuredmedia":[{"embeddable":true,"href":"https:\/\/agora.xtec.cat\/iesdecelra\/wp-json\/wp\/v2\/media\/9251"}],"wp:attachment":[{"href":"https:\/\/agora.xtec.cat\/iesdecelra\/wp-json\/wp\/v2\/media?parent=9170"}],"wp:term":[{"taxonomy":"category","embeddable":true,"href":"https:\/\/agora.xtec.cat\/iesdecelra\/wp-json\/wp\/v2\/categories?post=9170"},{"taxonomy":"post_tag","embeddable":true,"href":"https:\/\/agora.xtec.cat\/iesdecelra\/wp-json\/wp\/v2\/tags?post=9170"}],"curies":[{"name":"wp","href":"https:\/\/api.w.org\/{rel}","templated":true}]}}