{"id":9096,"date":"2023-05-26T16:43:57","date_gmt":"2023-05-26T14:43:57","guid":{"rendered":"https:\/\/agora.xtec.cat\/iesdecelra\/?p=9096"},"modified":"2023-05-30T11:38:14","modified_gmt":"2023-05-30T09:38:14","slug":"la-jovita-sagrera-i-luque-premiada","status":"publish","type":"post","link":"https:\/\/agora.xtec.cat\/iesdecelra\/cursos\/eso\/la-jovita-sagrera-i-luque-premiada\/","title":{"rendered":"LA JOVITA SAGRERA i LUQUE, PREMIADA"},"content":{"rendered":"<p>La Jovita Sagrera i Luque, alumna de 4t D, va guanyar el Concurs de cartells de la XXVIII edici\u00f3 de la Mostra de teatre d&#8217;instituts de secund\u00e0ria de les comarques gironines que es va celebrar a Blanes del 26 al 28 d&#8217;abril.<br \/>\nLa Jovita va rebre de mans d&#8217;en Joan Puig, President de l&#8217;entitat organitzadora i professor de l&#8217;Institut de Celr\u00e0, el cartell de l&#8217;edici\u00f3 d&#8217;enguany.<br \/>\nEl lliurament es va fer a l&#8217;aula de Visual i Pl\u00e0stica, amb la pres\u00e8ncia dels seus companys de classe i de la seva professora, la Paqui M\u00e1rquez.<br \/>\nL&#8217;enhorabona a la Jovita pel premi!<\/p>\n","protected":false},"excerpt":{"rendered":"<p>La Jovita Sagrera i Luque, alumna de 4t D, va guanyar el Concurs de cartells de la XXVIII edici\u00f3 de la Mostra de teatre d&#8217;instituts de secund\u00e0ria de les comarques gironines que es va celebrar a Blanes del 26 al 28 d&#8217;abril.<br \/>\nLa Jovita va rebre&hellip;  <a href=\"https:\/\/agora.xtec.cat\/iesdecelra\/cursos\/eso\/la-jovita-sagrera-i-luque-premiada\/\" title=\"Read LA JOVITA SAGRERA i LUQUE, PREMIADA\">Llegeix m\u00e9s\u00bb<\/a><\/p>\n","protected":false},"author":1,"featured_media":9098,"comment_status":"open","ping_status":"closed","sticky":false,"template":"","format":"standard","meta":{"_bbp_topic_count":0,"_bbp_reply_count":0,"_bbp_total_topic_count":0,"_bbp_total_reply_count":0,"_bbp_voice_count":0,"_bbp_anonymous_reply_count":0,"_bbp_topic_count_hidden":0,"_bbp_reply_count_hidden":0,"_bbp_forum_subforum_count":0,"footnotes":""},"categories":[103,218,3],"tags":[127,168,339,216,40],"class_list":["post-9096","post","type-post","status-publish","format-standard","has-post-thumbnail","hentry","category-actualitat","category-concursos-i-premis","category-eso","tag-4t-deso","tag-concursos","tag-curs-2022-2023","tag-premis","tag-teatre"],"post_mailing_queue_ids":[],"_links":{"self":[{"href":"https:\/\/agora.xtec.cat\/iesdecelra\/wp-json\/wp\/v2\/posts\/9096","targetHints":{"allow":["GET"]}}],"collection":[{"href":"https:\/\/agora.xtec.cat\/iesdecelra\/wp-json\/wp\/v2\/posts"}],"about":[{"href":"https:\/\/agora.xtec.cat\/iesdecelra\/wp-json\/wp\/v2\/types\/post"}],"author":[{"embeddable":true,"href":"https:\/\/agora.xtec.cat\/iesdecelra\/wp-json\/wp\/v2\/users\/1"}],"replies":[{"embeddable":true,"href":"https:\/\/agora.xtec.cat\/iesdecelra\/wp-json\/wp\/v2\/comments?post=9096"}],"version-history":[{"count":3,"href":"https:\/\/agora.xtec.cat\/iesdecelra\/wp-json\/wp\/v2\/posts\/9096\/revisions"}],"predecessor-version":[{"id":9206,"href":"https:\/\/agora.xtec.cat\/iesdecelra\/wp-json\/wp\/v2\/posts\/9096\/revisions\/9206"}],"wp:featuredmedia":[{"embeddable":true,"href":"https:\/\/agora.xtec.cat\/iesdecelra\/wp-json\/wp\/v2\/media\/9098"}],"wp:attachment":[{"href":"https:\/\/agora.xtec.cat\/iesdecelra\/wp-json\/wp\/v2\/media?parent=9096"}],"wp:term":[{"taxonomy":"category","embeddable":true,"href":"https:\/\/agora.xtec.cat\/iesdecelra\/wp-json\/wp\/v2\/categories?post=9096"},{"taxonomy":"post_tag","embeddable":true,"href":"https:\/\/agora.xtec.cat\/iesdecelra\/wp-json\/wp\/v2\/tags?post=9096"}],"curies":[{"name":"wp","href":"https:\/\/api.w.org\/{rel}","templated":true}]}}