{"id":8996,"date":"2023-05-19T09:36:52","date_gmt":"2023-05-19T07:36:52","guid":{"rendered":"https:\/\/agora.xtec.cat\/iesdecelra\/?p=8996"},"modified":"2023-05-19T09:38:22","modified_gmt":"2023-05-19T07:38:22","slug":"cinquena-edicio-del-programa-projectes-joves-de-celra","status":"publish","type":"post","link":"https:\/\/agora.xtec.cat\/iesdecelra\/cursos\/eso\/eso-3\/cinquena-edicio-del-programa-projectes-joves-de-celra\/","title":{"rendered":"CINQUENA EDICI\u00d3 DEL PROGRAMA PROJECTES JOVES DE CELR\u00c0, EN COL\u00b7LABORACI\u00d3 AMB L&#8217;AJUNTAMENT"},"content":{"rendered":"<p><span style=\"font-family: trebuchet ms, sans-serif;\">El programa Projectes Joves per Celr\u00e0, que enguany ha celebrat la V edici\u00f3, \u00e9s un projecte de col\u00b7laboraci\u00f3 entre els alumnes de 3r d&#8217;ESO i el Departament de Socials de l&#8217;Institut de Celr\u00e0 i l&#8217;Ajuntament.\u00a0<\/span><\/p>\n<p><span style=\"font-family: trebuchet ms, sans-serif;\">Els alumnes de 3r d\u2019ESO de l\u2019assignatura de Ci\u00e8ncies Socials han realitzat en grups un seguit de propostes de millora pel poble de Celr\u00e0. De les propostes presentades, s&#8217;han seleccionat aquest any un total de 9 projectes que han estat presentats pels alumnes i valorats per l\u2019alcalde de Celr\u00e0, David Planas, en una sessi\u00f3 a la sala de Plens de l&#8217;Ajuntament. Durant l&#8217;acte, tamb\u00e9 han tingut l&#8217;oportunitat de con\u00e8ixer de primera m\u00e0 el funcionament de l&#8217;ajuntament, concretar el treball i pressupost lligats a qualsevol projecte municipal aix\u00ed com constatar la necessitat de la participaci\u00f3 democr\u00e0tica i l&#8217;opini\u00f3 de la ciutadania en qualsevol acci\u00f3 projectada en el poble.<\/span><\/p>\n<p><span style=\"font-family: trebuchet ms, sans-serif;\">Els alumnes han rebut un document nominal signat per alcaldia i l&#8217;Institut de Celr\u00e0 que certifica la seva participaci\u00f3 i selecci\u00f3.<br \/>\n<\/span><\/p>\n<p><span style=\"font-family: trebuchet ms, sans-serif;\">Els projectes seleccionats per ser presentats a l&#8217;edici\u00f3 d&#8217;aquest any han sigut els seg\u00fcents:<\/span><\/p>\n<p><span style=\"font-family: trebuchet ms, sans-serif;\">\u2013 Millora de la il\u00b7luminaci\u00f3 de\u00a0J\u00falia\u00a0Casta\u00f1\u00e9,\u00a0J\u00falia\u00a0Valls i \u00c0strid Serra de 3r A.<\/span><\/p>\n<p><span style=\"font-family: trebuchet ms, sans-serif;\">&#8211; Treball de camp per l&#8217;adequaci\u00f3 de trams de carril bici i m\u00e9s aparcaments per bicicletes de\u00a0Pep L\u00f3pez,\u00a0Luca Laperou i\u00a0Alguer Peracaula de 3rB<\/span><\/p>\n<p><span style=\"font-family: trebuchet ms, sans-serif;\">&#8211; Instal\u00b7laci\u00f3 de lavabos p\u00fablics al poble de Celr\u00e0 de Jazmina Campan i Cate Carrera de 3rB<\/span><\/p>\n<p><span style=\"font-family: trebuchet ms, sans-serif;\">&#8211; Estudi per millorar el parc de gossos de Celr\u00e0 de Jan Sol\u00e0, Mauro Arnau, Unai Guti\u00e9rrez i Jan Moya de 3r C<\/span><\/p>\n<p><span style=\"font-family: trebuchet ms, sans-serif;\">&#8211; Creaci\u00f3 i viabilitat d&#8217;una \u00c0rea C\u00e0mper a Celr\u00e0 de Georgina Mancebo, Aina Salvatella i Marina Garcia de 3r D<\/span><\/p>\n<p><span style=\"font-family: trebuchet ms, sans-serif;\">&#8211; Pals per a cubells per al Porta a Porta d&#8217;Anna Padilla, Patr\u00edcia Mart\u00ednez i Ux\u00eda L\u00f3pez de 3r D.<\/span><\/p>\n<p><span style=\"font-family: trebuchet ms, sans-serif;\">&#8211; Creaci\u00f3 o adequaci\u00f3 d&#8217;un parc infantil a Celr\u00e0 en parc inclusiu de\u00a0Mariyamu\u00a0Keita, Mariona Barco i Laia Matarrodona de 3r D.<\/span><\/p>\n<p><span style=\"font-family: trebuchet ms, sans-serif;\">&#8211; Projecte per a la millora de la Biblioteca de Celr\u00e0 de Lakami Jaiteh, Otger Serrats, Marc Vil\u00e0 i Arnau Ayala de 3r D<\/span><\/p>\n<p><span style=\"font-family: trebuchet ms, sans-serif;\">&#8211; Instal\u00b7laci\u00f3 i millora de fonts a Celr\u00e0 per\u00a0<\/span>Laia Pintiado,\u00a0Alex Preda i\u00a0Ona Gou de 3r E.<\/p>\n<div><\/div>\n<div><img loading=\"lazy\" decoding=\"async\" class=\"aligncenter size-full wp-image-8998\" src=\"https:\/\/agora.xtec.cat\/iesdecelra\/wp-content\/uploads\/usu1789\/2023\/05\/ajuntament.jpg\" alt=\"\" width=\"1014\" height=\"592\" srcset=\"https:\/\/agora.xtec.cat\/iesdecelra\/wp-content\/uploads\/usu1789\/2023\/05\/ajuntament.jpg 1014w, https:\/\/agora.xtec.cat\/iesdecelra\/wp-content\/uploads\/usu1789\/2023\/05\/ajuntament-300x175.jpg 300w, https:\/\/agora.xtec.cat\/iesdecelra\/wp-content\/uploads\/usu1789\/2023\/05\/ajuntament-768x448.jpg 768w\" sizes=\"auto, (max-width: 1014px) 100vw, 1014px\" \/><\/div>\n","protected":false},"excerpt":{"rendered":"<p>El programa Projectes Joves per Celr\u00e0, que enguany ha celebrat la V edici\u00f3, \u00e9s un projecte de col\u00b7laboraci\u00f3 entre els alumnes de 3r d&#8217;ESO i el Departament de Socials de l&#8217;Institut de Celr\u00e0 i l&#8217;Ajuntament.\u00a0<br \/>\nEls alumnes de 3r d\u2019ESO de l\u2019assignatura de Ci\u00e8ncies Socials han&hellip;  <a href=\"https:\/\/agora.xtec.cat\/iesdecelra\/cursos\/eso\/eso-3\/cinquena-edicio-del-programa-projectes-joves-de-celra\/\" title=\"Read CINQUENA EDICI\u00d3 DEL PROGRAMA PROJECTES JOVES DE CELR\u00c0, EN COL\u00b7LABORACI\u00d3 AMB L&#8217;AJUNTAMENT\">Llegeix m\u00e9s\u00bb<\/a><\/p>\n","protected":false},"author":1,"featured_media":8997,"comment_status":"open","ping_status":"closed","sticky":false,"template":"","format":"standard","meta":{"_bbp_topic_count":0,"_bbp_reply_count":0,"_bbp_total_topic_count":0,"_bbp_total_reply_count":0,"_bbp_voice_count":0,"_bbp_anonymous_reply_count":0,"_bbp_topic_count_hidden":0,"_bbp_reply_count_hidden":0,"_bbp_forum_subforum_count":0,"footnotes":""},"categories":[103,6],"tags":[339,150],"class_list":["post-8996","post","type-post","status-publish","format-standard","has-post-thumbnail","hentry","category-actualitat","category-eso-3","tag-curs-2022-2023","tag-departament-de-ciencies-socials"],"post_mailing_queue_ids":[],"_links":{"self":[{"href":"https:\/\/agora.xtec.cat\/iesdecelra\/wp-json\/wp\/v2\/posts\/8996","targetHints":{"allow":["GET"]}}],"collection":[{"href":"https:\/\/agora.xtec.cat\/iesdecelra\/wp-json\/wp\/v2\/posts"}],"about":[{"href":"https:\/\/agora.xtec.cat\/iesdecelra\/wp-json\/wp\/v2\/types\/post"}],"author":[{"embeddable":true,"href":"https:\/\/agora.xtec.cat\/iesdecelra\/wp-json\/wp\/v2\/users\/1"}],"replies":[{"embeddable":true,"href":"https:\/\/agora.xtec.cat\/iesdecelra\/wp-json\/wp\/v2\/comments?post=8996"}],"version-history":[{"count":2,"href":"https:\/\/agora.xtec.cat\/iesdecelra\/wp-json\/wp\/v2\/posts\/8996\/revisions"}],"predecessor-version":[{"id":9000,"href":"https:\/\/agora.xtec.cat\/iesdecelra\/wp-json\/wp\/v2\/posts\/8996\/revisions\/9000"}],"wp:featuredmedia":[{"embeddable":true,"href":"https:\/\/agora.xtec.cat\/iesdecelra\/wp-json\/wp\/v2\/media\/8997"}],"wp:attachment":[{"href":"https:\/\/agora.xtec.cat\/iesdecelra\/wp-json\/wp\/v2\/media?parent=8996"}],"wp:term":[{"taxonomy":"category","embeddable":true,"href":"https:\/\/agora.xtec.cat\/iesdecelra\/wp-json\/wp\/v2\/categories?post=8996"},{"taxonomy":"post_tag","embeddable":true,"href":"https:\/\/agora.xtec.cat\/iesdecelra\/wp-json\/wp\/v2\/tags?post=8996"}],"curies":[{"name":"wp","href":"https:\/\/api.w.org\/{rel}","templated":true}]}}