{"id":8985,"date":"2023-05-18T15:47:01","date_gmt":"2023-05-18T13:47:01","guid":{"rendered":"https:\/\/agora.xtec.cat\/iesdecelra\/?p=8985"},"modified":"2023-05-18T15:51:57","modified_gmt":"2023-05-18T13:51:57","slug":"trobada-de-cooperatives","status":"publish","type":"post","link":"https:\/\/agora.xtec.cat\/iesdecelra\/cursos\/eso\/eso-4\/trobada-de-cooperatives\/","title":{"rendered":"TROBADA DE COOPERATIVES"},"content":{"rendered":"<p>El dimecres 10 maig la cooperativa Jetri dels alumnes de 4t A vam assistir a la trobada de Cooperatives Escolars Gironines on hi vam participar divuit cooperatives de dotze instituts diferents.<\/p>\n<p>En arribar\u00a0vam anar al Centre Cultural de la Merc\u00e8, i all\u00e0 la cooperativa &#8220;Efecte Mosquit&#8221; ens va fer una presentaci\u00f3 teatralitzada sobre cooperatives.\u00a0Al final de l&#8217;acte van fer que dos representants de cada cooperativa pugessin a l&#8217;escenari per recollir els diplomes.<\/p>\n<p><img loading=\"lazy\" decoding=\"async\" class=\"aligncenter wp-image-8988\" src=\"https:\/\/agora.xtec.cat\/iesdecelra\/wp-content\/uploads\/usu1789\/2023\/05\/jetri.jpg\" alt=\"\" width=\"791\" height=\"539\" srcset=\"https:\/\/agora.xtec.cat\/iesdecelra\/wp-content\/uploads\/usu1789\/2023\/05\/jetri.jpg 886w, https:\/\/agora.xtec.cat\/iesdecelra\/wp-content\/uploads\/usu1789\/2023\/05\/jetri-300x205.jpg 300w, https:\/\/agora.xtec.cat\/iesdecelra\/wp-content\/uploads\/usu1789\/2023\/05\/jetri-768x524.jpg 768w\" sizes=\"auto, (max-width: 791px) 100vw, 791px\" \/><\/p>\n<p>La segona part de la trobada es va desenvolupar davant la seu de la Generalitat. All\u00e0 cada cooperativa va muntar la seva parada i vam poder intercanviar idees i experi\u00e8ncies. La parada va ser tot un \u00e8xit i estem molt contents del resultat obtingut amb aquesta trobada en la qual v\u00e0rem poder aprendre coses noves d&#8217;altres cooperatives.<\/p>\n<p><img loading=\"lazy\" decoding=\"async\" class=\"aligncenter wp-image-8993\" src=\"https:\/\/agora.xtec.cat\/iesdecelra\/wp-content\/uploads\/usu1789\/2023\/05\/jetri2.jpg\" alt=\"\" width=\"792\" height=\"480\" srcset=\"https:\/\/agora.xtec.cat\/iesdecelra\/wp-content\/uploads\/usu1789\/2023\/05\/jetri2.jpg 883w, https:\/\/agora.xtec.cat\/iesdecelra\/wp-content\/uploads\/usu1789\/2023\/05\/jetri2-300x182.jpg 300w, https:\/\/agora.xtec.cat\/iesdecelra\/wp-content\/uploads\/usu1789\/2023\/05\/jetri2-768x465.jpg 768w\" sizes=\"auto, (max-width: 792px) 100vw, 792px\" \/><\/p>\n<p>Article redactat per Cooperativa Jetri.<\/p>\n","protected":false},"excerpt":{"rendered":"<p>El dimecres 10 maig la cooperativa Jetri dels alumnes de 4t A vam assistir a la trobada de Cooperatives Escolars Gironines on hi vam participar divuit cooperatives de dotze instituts diferents.<br \/>\nEn arribar\u00a0vam anar al Centre Cultural de la Merc\u00e8, i all\u00e0 la cooperativa &#8220;Efecte Mosquit&#8221;&hellip;  <a href=\"https:\/\/agora.xtec.cat\/iesdecelra\/cursos\/eso\/eso-4\/trobada-de-cooperatives\/\" title=\"Read TROBADA DE COOPERATIVES\">Llegeix m\u00e9s\u00bb<\/a><\/p>\n","protected":false},"author":1,"featured_media":8988,"comment_status":"open","ping_status":"closed","sticky":false,"template":"","format":"standard","meta":{"_bbp_topic_count":0,"_bbp_reply_count":0,"_bbp_total_topic_count":0,"_bbp_total_reply_count":0,"_bbp_voice_count":0,"_bbp_anonymous_reply_count":0,"_bbp_topic_count_hidden":0,"_bbp_reply_count_hidden":0,"_bbp_forum_subforum_count":0,"footnotes":""},"categories":[347,7],"tags":[179,339],"class_list":["post-8985","post","type-post","status-publish","format-standard","has-post-thumbnail","hentry","category-cooperativa","category-eso-4","tag-cooperativa","tag-curs-2022-2023"],"post_mailing_queue_ids":[],"_links":{"self":[{"href":"https:\/\/agora.xtec.cat\/iesdecelra\/wp-json\/wp\/v2\/posts\/8985","targetHints":{"allow":["GET"]}}],"collection":[{"href":"https:\/\/agora.xtec.cat\/iesdecelra\/wp-json\/wp\/v2\/posts"}],"about":[{"href":"https:\/\/agora.xtec.cat\/iesdecelra\/wp-json\/wp\/v2\/types\/post"}],"author":[{"embeddable":true,"href":"https:\/\/agora.xtec.cat\/iesdecelra\/wp-json\/wp\/v2\/users\/1"}],"replies":[{"embeddable":true,"href":"https:\/\/agora.xtec.cat\/iesdecelra\/wp-json\/wp\/v2\/comments?post=8985"}],"version-history":[{"count":3,"href":"https:\/\/agora.xtec.cat\/iesdecelra\/wp-json\/wp\/v2\/posts\/8985\/revisions"}],"predecessor-version":[{"id":8995,"href":"https:\/\/agora.xtec.cat\/iesdecelra\/wp-json\/wp\/v2\/posts\/8985\/revisions\/8995"}],"wp:featuredmedia":[{"embeddable":true,"href":"https:\/\/agora.xtec.cat\/iesdecelra\/wp-json\/wp\/v2\/media\/8988"}],"wp:attachment":[{"href":"https:\/\/agora.xtec.cat\/iesdecelra\/wp-json\/wp\/v2\/media?parent=8985"}],"wp:term":[{"taxonomy":"category","embeddable":true,"href":"https:\/\/agora.xtec.cat\/iesdecelra\/wp-json\/wp\/v2\/categories?post=8985"},{"taxonomy":"post_tag","embeddable":true,"href":"https:\/\/agora.xtec.cat\/iesdecelra\/wp-json\/wp\/v2\/tags?post=8985"}],"curies":[{"name":"wp","href":"https:\/\/api.w.org\/{rel}","templated":true}]}}