{"id":8820,"date":"2023-05-11T10:24:48","date_gmt":"2023-05-11T08:24:48","guid":{"rendered":"https:\/\/agora.xtec.cat\/iesdecelra\/?p=8820"},"modified":"2023-05-12T11:37:07","modified_gmt":"2023-05-12T09:37:07","slug":"concurs-portada-agenda-curs-23-24","status":"publish","type":"post","link":"https:\/\/agora.xtec.cat\/iesdecelra\/actualitat\/concurs-portada-agenda-curs-23-24\/","title":{"rendered":"CONCURS PORTADA AGENDA CURS 23\/24"},"content":{"rendered":"<p>Aquest any s&#8217;han presentat unes il\u00b7lustracions molt encertades pel concurs de la portada de l&#8217;agenda del curs vinent seguint el tema proposat: Les arts en general.<br \/>\nEl jurat va decidir que la suma de dues de les il\u00b7lustracions presentades podria donar lloc a una composici\u00f3 molt encertada i, aix\u00ed s&#8217;ha fet. Les guanyadores d&#8217;enguany s\u00f3n: Gal\u00b7la Gibert i Soria de 1rD i J\u00falia Ca\u00f1adas Hospital de 1rF.<br \/>\nFelicitem a les guanyadores i a totes les persones que s&#8217;han presentat al concurs i que han fet dif\u00edcil la tria degut al nivell.<\/p>\n","protected":false},"excerpt":{"rendered":"<p>Aquest any s&#8217;han presentat unes il\u00b7lustracions molt encertades pel concurs de la portada de l&#8217;agenda del curs vinent seguint el tema proposat: Les arts en general.<br \/>\nEl jurat va decidir que la suma de dues de les il\u00b7lustracions presentades podria donar lloc a una composici\u00f3 molt&hellip;  <a href=\"https:\/\/agora.xtec.cat\/iesdecelra\/actualitat\/concurs-portada-agenda-curs-23-24\/\" title=\"Read CONCURS PORTADA AGENDA CURS 23\/24\">Llegeix m\u00e9s\u00bb<\/a><\/p>\n","protected":false},"author":1,"featured_media":8822,"comment_status":"closed","ping_status":"closed","sticky":false,"template":"","format":"standard","meta":{"_bbp_topic_count":0,"_bbp_reply_count":0,"_bbp_total_topic_count":0,"_bbp_total_reply_count":0,"_bbp_voice_count":0,"_bbp_anonymous_reply_count":0,"_bbp_topic_count_hidden":0,"_bbp_reply_count_hidden":0,"_bbp_forum_subforum_count":0,"footnotes":""},"categories":[103,218],"tags":[168,339,254],"class_list":["post-8820","post","type-post","status-publish","format-standard","has-post-thumbnail","hentry","category-actualitat","category-concursos-i-premis","tag-concursos","tag-curs-2022-2023","tag-departament-deducacio-visual-i-plastica"],"post_mailing_queue_ids":[],"_links":{"self":[{"href":"https:\/\/agora.xtec.cat\/iesdecelra\/wp-json\/wp\/v2\/posts\/8820","targetHints":{"allow":["GET"]}}],"collection":[{"href":"https:\/\/agora.xtec.cat\/iesdecelra\/wp-json\/wp\/v2\/posts"}],"about":[{"href":"https:\/\/agora.xtec.cat\/iesdecelra\/wp-json\/wp\/v2\/types\/post"}],"author":[{"embeddable":true,"href":"https:\/\/agora.xtec.cat\/iesdecelra\/wp-json\/wp\/v2\/users\/1"}],"replies":[{"embeddable":true,"href":"https:\/\/agora.xtec.cat\/iesdecelra\/wp-json\/wp\/v2\/comments?post=8820"}],"version-history":[{"count":3,"href":"https:\/\/agora.xtec.cat\/iesdecelra\/wp-json\/wp\/v2\/posts\/8820\/revisions"}],"predecessor-version":[{"id":8843,"href":"https:\/\/agora.xtec.cat\/iesdecelra\/wp-json\/wp\/v2\/posts\/8820\/revisions\/8843"}],"wp:featuredmedia":[{"embeddable":true,"href":"https:\/\/agora.xtec.cat\/iesdecelra\/wp-json\/wp\/v2\/media\/8822"}],"wp:attachment":[{"href":"https:\/\/agora.xtec.cat\/iesdecelra\/wp-json\/wp\/v2\/media?parent=8820"}],"wp:term":[{"taxonomy":"category","embeddable":true,"href":"https:\/\/agora.xtec.cat\/iesdecelra\/wp-json\/wp\/v2\/categories?post=8820"},{"taxonomy":"post_tag","embeddable":true,"href":"https:\/\/agora.xtec.cat\/iesdecelra\/wp-json\/wp\/v2\/tags?post=8820"}],"curies":[{"name":"wp","href":"https:\/\/api.w.org\/{rel}","templated":true}]}}