{"id":8783,"date":"2023-05-03T10:09:08","date_gmt":"2023-05-03T08:09:08","guid":{"rendered":"https:\/\/agora.xtec.cat\/iesdecelra\/?p=8783"},"modified":"2023-05-07T23:22:04","modified_gmt":"2023-05-07T21:22:04","slug":"premis-sant-jordi-23","status":"publish","type":"post","link":"https:\/\/agora.xtec.cat\/iesdecelra\/cursos\/eso\/premis-sant-jordi-23\/","title":{"rendered":"PREMIS SANT JORDI 23"},"content":{"rendered":"<p>Dimarts 25 d&#8217;abril v\u00e0rem celebrar la Diada de Sant Jordi a l&#8217;institut en un acte conjunt de tots els alumnes d&#8217;ESO. Enguany va estar organitzat pel Departament de Lleng\u00fces estrangeres i vam comptar amb la col\u00b7laboraci\u00f3 de l&#8217;AFA.<\/p>\n<p>La Laura Riera, directora del centre va obrir i tancar l&#8217;acte, el professor Victor Mart\u00ednez, el va presentar i els membres del jurat varen anar presentant els premis i comentant i recitant un petit fragment de cada text guanyador. Aqu\u00ed teniu els premiats de cada categoria:<\/p>\n<p>LLENGUA CATALANA<\/p>\n<ul>\n<li>Categoria A prosa: <em>La carta de la meva germana<\/em> de Mireia Llorens Cabarrocas (3rC)<\/li>\n<li>Categoria A poesia:<em> Llavors<\/em> de Marina Garcia Mas (3rD)<\/li>\n<li>Categoria B prosa: <em>Llista dels activistes per les petjades locals<\/em> de Valeria Hidalgo Jim\u00e9nez (2n Bat B)<\/li>\n<\/ul>\n<p>LLENGUA CASTELLANA<\/p>\n<ul>\n<li>Categoria A poesia: <em>Poes\u00eda<\/em> de Ana Maria Cristea (1rF)<\/li>\n<li>Categoria A prosa: <em>La aldea maldecida<\/em> de Jana Perich Adroher (2nA)<\/li>\n<li>Categoria B prosa: <em>La calle de los pensamientos\u00a0<\/em>de David Usurelu (4E)<\/li>\n<\/ul>\n<p>LLENGUA ANGLESA<\/p>\n<ul>\n<li>Categoria A prosa: <em>The place where the wold ends<\/em>\u00a0de Jana Perich Adroher (2nA)<\/li>\n<li>Categoria B poesia: <em>The Endless Reach of Local Steps<\/em> de Valeria Hidalgo Jim\u00e9nez (2n Bat B)<\/li>\n<\/ul>\n<p>LLENGUA FRANCESA<\/p>\n<ul>\n<li class=\"gmail_default\">Categoria A prosa: <em>Le mouton noir<\/em>, de Mireia Llorens Cabarrocas (3rC)<\/li>\n<\/ul>\n<p>&nbsp;<\/p>\n<p>Si voleu gaudir dels textos premiats, ho podreu fer en aquest <a href=\"https:\/\/drive.google.com\/drive\/folders\/1SJUIHZF4y2oQY09dafAyfjZRpP2P4xit\">enlla\u00e7.<\/a><\/p>\n<p>Volem donar la nostra enhorabona a tots els premiats i a tots aquells que hi v\u00e0reu participar, aix\u00ed com agrair als membres del jurat, les professores Mariona Cubars\u00ed, Isabel Ferr\u00e9 i Lili Mu\u00f1oz i en Joel Fontclara com a representant de l&#8217;AFA.<\/p>\n\r\n\t<div class=\"slideshow_container slideshow_container_style-light\" style=\"height: 500px; \" data-slideshow-id=\"8782\" data-style-name=\"style-light\" data-style-version=\"2.3.1\" >\r\n\r\n\t\t\t\t\t<div class=\"slideshow_loading_icon\"><\/div>\r\n\t\t\r\n\t\t<div class=\"slideshow_content\" style=\"display: none;\">\r\n\r\n\t\t\t<div class=\"slideshow_view\">\r\n\t\t\t\t<div class=\"slideshow_slide slideshow_slide_image\">\r\n\t\t\t\t\t\t\t\t\t\t\t<img src=\"https:\/\/agora.xtec.cat\/iesdecelra\/wp-content\/uploads\/usu1789\/2023\/04\/WhatsApp-Image-2023-04-25-at-20.17.59.jpeg\" alt=\"WhatsApp Image 2023-04-25 at 20.17.59\" width=\"2000\" height=\"1500\" \/>\r\n\t\t\t\t\t\t\t\t\t\t<div class=\"slideshow_description_box slideshow_transparent\">\r\n\t\t\t\t\t\t\t\t\t\t\t\t\t\t\t\t\t<\/div>\r\n\t\t\t\t<\/div>\r\n\r\n\t\t\t\t\t\t<div style=\"clear: both;\"><\/div><\/div><div class=\"slideshow_view\">\r\n\t\t\t\t<div class=\"slideshow_slide slideshow_slide_image\">\r\n\t\t\t\t\t\t\t\t\t\t\t<img src=\"https:\/\/agora.xtec.cat\/iesdecelra\/wp-content\/uploads\/usu1789\/2023\/04\/WhatsApp-Image-2023-04-25-at-20.18.04.jpeg\" alt=\"WhatsApp Image 2023-04-25 at 20.18.04\" width=\"2000\" height=\"1500\" \/>\r\n\t\t\t\t\t\t\t\t\t\t<div class=\"slideshow_description_box slideshow_transparent\">\r\n\t\t\t\t\t\t\t\t\t\t\t\t\t\t\t\t\t<\/div>\r\n\t\t\t\t<\/div>\r\n\r\n\t\t\t\t\t\t<div style=\"clear: both;\"><\/div><\/div><div class=\"slideshow_view\">\r\n\t\t\t\t<div class=\"slideshow_slide slideshow_slide_image\">\r\n\t\t\t\t\t\t\t\t\t\t\t<img src=\"https:\/\/agora.xtec.cat\/iesdecelra\/wp-content\/uploads\/usu1789\/2023\/04\/WhatsApp-Image-2023-04-25-at-20.18.05.jpeg\" alt=\"WhatsApp Image 2023-04-25 at 20.18.05\" width=\"2000\" height=\"1500\" \/>\r\n\t\t\t\t\t\t\t\t\t\t<div class=\"slideshow_description_box slideshow_transparent\">\r\n\t\t\t\t\t\t\t\t\t\t\t\t\t\t\t\t\t<\/div>\r\n\t\t\t\t<\/div>\r\n\r\n\t\t\t\t\t\t<div style=\"clear: both;\"><\/div><\/div><div class=\"slideshow_view\">\r\n\t\t\t\t<div class=\"slideshow_slide slideshow_slide_image\">\r\n\t\t\t\t\t\t\t\t\t\t\t<img src=\"https:\/\/agora.xtec.cat\/iesdecelra\/wp-content\/uploads\/usu1789\/2023\/04\/WhatsApp-Image-2023-04-25-at-20.18.06.jpeg\" alt=\"WhatsApp Image 2023-04-25 at 20.18.06\" width=\"2000\" height=\"1500\" \/>\r\n\t\t\t\t\t\t\t\t\t\t<div class=\"slideshow_description_box slideshow_transparent\">\r\n\t\t\t\t\t\t\t\t\t\t\t\t\t\t\t\t\t<\/div>\r\n\t\t\t\t<\/div>\r\n\r\n\t\t\t\t\t\t<div style=\"clear: both;\"><\/div><\/div><div class=\"slideshow_view\">\r\n\t\t\t\t<div class=\"slideshow_slide slideshow_slide_image\">\r\n\t\t\t\t\t\t\t\t\t\t\t<img src=\"https:\/\/agora.xtec.cat\/iesdecelra\/wp-content\/uploads\/usu1789\/2023\/04\/WhatsApp-Image-2023-04-25-at-20.18.06-1.jpeg\" alt=\"WhatsApp Image 2023-04-25 at 20.18.06 (1)\" width=\"2000\" height=\"1500\" \/>\r\n\t\t\t\t\t\t\t\t\t\t<div class=\"slideshow_description_box slideshow_transparent\">\r\n\t\t\t\t\t\t\t\t\t\t\t\t\t\t\t\t\t<\/div>\r\n\t\t\t\t<\/div>\r\n\r\n\t\t\t\t\t\t<div style=\"clear: both;\"><\/div><\/div><div class=\"slideshow_view\">\r\n\t\t\t\t<div class=\"slideshow_slide slideshow_slide_image\">\r\n\t\t\t\t\t\t\t\t\t\t\t<img src=\"https:\/\/agora.xtec.cat\/iesdecelra\/wp-content\/uploads\/usu1789\/2023\/04\/WhatsApp-Image-2023-04-25-at-20.18.14.jpeg\" alt=\"WhatsApp Image 2023-04-25 at 20.18.14\" width=\"2000\" height=\"1500\" \/>\r\n\t\t\t\t\t\t\t\t\t\t<div class=\"slideshow_description_box slideshow_transparent\">\r\n\t\t\t\t\t\t\t\t\t\t\t\t\t\t\t\t\t<\/div>\r\n\t\t\t\t<\/div>\r\n\r\n\t\t\t\t\t\t<div style=\"clear: both;\"><\/div><\/div><div class=\"slideshow_view\">\r\n\t\t\t\t<div class=\"slideshow_slide slideshow_slide_image\">\r\n\t\t\t\t\t\t\t\t\t\t\t<img src=\"https:\/\/agora.xtec.cat\/iesdecelra\/wp-content\/uploads\/usu1789\/2023\/04\/WhatsApp-Image-2023-04-25-at-20.18.17.jpeg\" alt=\"WhatsApp Image 2023-04-25 at 20.18.17\" width=\"2000\" height=\"1500\" \/>\r\n\t\t\t\t\t\t\t\t\t\t<div class=\"slideshow_description_box slideshow_transparent\">\r\n\t\t\t\t\t\t\t\t\t\t\t\t\t\t\t\t\t<\/div>\r\n\t\t\t\t<\/div>\r\n\r\n\t\t\t\t\t\t<div style=\"clear: both;\"><\/div><\/div><div class=\"slideshow_view\">\r\n\t\t\t\t<div class=\"slideshow_slide slideshow_slide_image\">\r\n\t\t\t\t\t\t\t\t\t\t\t<img src=\"https:\/\/agora.xtec.cat\/iesdecelra\/wp-content\/uploads\/usu1789\/2023\/04\/WhatsApp-Image-2023-04-25-at-20.18.20.jpeg\" alt=\"WhatsApp Image 2023-04-25 at 20.18.20\" width=\"2000\" height=\"1500\" \/>\r\n\t\t\t\t\t\t\t\t\t\t<div class=\"slideshow_description_box slideshow_transparent\">\r\n\t\t\t\t\t\t\t\t\t\t\t\t\t\t\t\t\t<\/div>\r\n\t\t\t\t<\/div>\r\n\r\n\t\t\t\t\t\t<div style=\"clear: both;\"><\/div><\/div><div class=\"slideshow_view\">\r\n\t\t\t\t<div class=\"slideshow_slide slideshow_slide_image\">\r\n\t\t\t\t\t\t\t\t\t\t\t<img src=\"https:\/\/agora.xtec.cat\/iesdecelra\/wp-content\/uploads\/usu1789\/2023\/04\/WhatsApp-Image-2023-04-25-at-20.18.21.jpeg\" alt=\"WhatsApp Image 2023-04-25 at 20.18.21\" width=\"2000\" height=\"1500\" \/>\r\n\t\t\t\t\t\t\t\t\t\t<div class=\"slideshow_description_box slideshow_transparent\">\r\n\t\t\t\t\t\t\t\t\t\t\t\t\t\t\t\t\t<\/div>\r\n\t\t\t\t<\/div>\r\n\r\n\t\t\t\t\t\t<div style=\"clear: both;\"><\/div><\/div><div class=\"slideshow_view\">\r\n\t\t\t\t<div class=\"slideshow_slide slideshow_slide_image\">\r\n\t\t\t\t\t\t\t\t\t\t\t<img src=\"https:\/\/agora.xtec.cat\/iesdecelra\/wp-content\/uploads\/usu1789\/2023\/04\/WhatsApp-Image-2023-04-25-at-20.18.22.jpeg\" alt=\"WhatsApp Image 2023-04-25 at 20.18.22\" width=\"2000\" height=\"1500\" \/>\r\n\t\t\t\t\t\t\t\t\t\t<div class=\"slideshow_description_box slideshow_transparent\">\r\n\t\t\t\t\t\t\t\t\t\t\t\t\t\t\t\t\t<\/div>\r\n\t\t\t\t<\/div>\r\n\r\n\t\t\t\t\t\t<div style=\"clear: both;\"><\/div><\/div><div class=\"slideshow_view\">\r\n\t\t\t\t<div class=\"slideshow_slide slideshow_slide_image\">\r\n\t\t\t\t\t\t\t\t\t\t\t<img src=\"https:\/\/agora.xtec.cat\/iesdecelra\/wp-content\/uploads\/usu1789\/2023\/04\/WhatsApp-Image-2023-04-25-at-20.18.25.jpeg\" alt=\"WhatsApp Image 2023-04-25 at 20.18.25\" width=\"2048\" height=\"1532\" \/>\r\n\t\t\t\t\t\t\t\t\t\t<div class=\"slideshow_description_box slideshow_transparent\">\r\n\t\t\t\t\t\t\t\t\t\t\t\t\t\t\t\t\t<\/div>\r\n\t\t\t\t<\/div>\r\n\r\n\t\t\t\t\t\t<div style=\"clear: both;\"><\/div><\/div><div class=\"slideshow_view\">\r\n\t\t\t\t<div class=\"slideshow_slide slideshow_slide_image\">\r\n\t\t\t\t\t\t\t\t\t\t\t<img src=\"https:\/\/agora.xtec.cat\/iesdecelra\/wp-content\/uploads\/usu1789\/2023\/04\/WhatsApp-Image-2023-04-25-at-20.17.58.jpeg\" alt=\"WhatsApp Image 2023-04-25 at 20.17.58\" width=\"1500\" height=\"2000\" \/>\r\n\t\t\t\t\t\t\t\t\t\t<div class=\"slideshow_description_box slideshow_transparent\">\r\n\t\t\t\t\t\t\t\t\t\t\t\t\t\t\t\t\t<\/div>\r\n\t\t\t\t<\/div>\r\n\r\n\t\t\t\t\t\t<div style=\"clear: both;\"><\/div><\/div>\r\n\t\t<\/div>\r\n\r\n\t\t<div class=\"slideshow_controlPanel slideshow_transparent\" style=\"display: none;\"><ul><li class=\"slideshow_togglePlay\" data-play-text=\"Visualitza\" data-pause-text=\"Pausa\"><\/li><\/ul><\/div>\r\n\r\n\t\t<div class=\"slideshow_button slideshow_previous slideshow_transparent\" role=\"button\" data-previous-text=\"Anterior\" style=\"display: none;\"><\/div>\r\n\t\t<div class=\"slideshow_button slideshow_next slideshow_transparent\" role=\"button\" data-next-text=\"Seg\u00fcent\" style=\"display: none;\"><\/div>\r\n\r\n\t\t<div class=\"slideshow_pagination\" style=\"display: none;\" data-go-to-text=\"V\u00e9s a la diapositiva\"><div class=\"slideshow_pagination_center\"><\/div><\/div>\r\n\r\n\t\t<!-- WordPress Slideshow Version 2.3.1 -->\r\n\r\n\t\t\t<\/div>\r\n\r\n\n<p>&nbsp;<\/p>\n<p>&nbsp;<\/p>\n","protected":false},"excerpt":{"rendered":"<p>Dimarts 25 d&#8217;abril v\u00e0rem celebrar la Diada de Sant Jordi a l&#8217;institut en un acte conjunt de tots els alumnes d&#8217;ESO. Enguany va estar organitzat pel Departament de Lleng\u00fces estrangeres i vam comptar amb la col\u00b7laboraci\u00f3 de l&#8217;AFA.<br \/>\nLa Laura Riera, directora del centre va obrir&hellip;  <a href=\"https:\/\/agora.xtec.cat\/iesdecelra\/cursos\/eso\/premis-sant-jordi-23\/\" title=\"Read PREMIS SANT JORDI 23\">Llegeix m\u00e9s\u00bb<\/a><\/p>\n","protected":false},"author":1,"featured_media":8757,"comment_status":"closed","ping_status":"closed","sticky":false,"template":"","format":"standard","meta":{"_bbp_topic_count":0,"_bbp_reply_count":0,"_bbp_total_topic_count":0,"_bbp_total_reply_count":0,"_bbp_voice_count":0,"_bbp_anonymous_reply_count":0,"_bbp_topic_count_hidden":0,"_bbp_reply_count_hidden":0,"_bbp_forum_subforum_count":0,"footnotes":""},"categories":[103,8,3],"tags":[120,133,233,127,115,168,339,216,38],"class_list":["post-8783","post","type-post","status-publish","format-standard","has-post-thumbnail","hentry","category-actualitat","category-batxillerat","category-eso","tag-1r-deso","tag-2n-deso","tag-3r-deso","tag-4t-deso","tag-batxillerat","tag-concursos","tag-curs-2022-2023","tag-premis","tag-sant-jordi"],"post_mailing_queue_ids":[],"_links":{"self":[{"href":"https:\/\/agora.xtec.cat\/iesdecelra\/wp-json\/wp\/v2\/posts\/8783","targetHints":{"allow":["GET"]}}],"collection":[{"href":"https:\/\/agora.xtec.cat\/iesdecelra\/wp-json\/wp\/v2\/posts"}],"about":[{"href":"https:\/\/agora.xtec.cat\/iesdecelra\/wp-json\/wp\/v2\/types\/post"}],"author":[{"embeddable":true,"href":"https:\/\/agora.xtec.cat\/iesdecelra\/wp-json\/wp\/v2\/users\/1"}],"replies":[{"embeddable":true,"href":"https:\/\/agora.xtec.cat\/iesdecelra\/wp-json\/wp\/v2\/comments?post=8783"}],"version-history":[{"count":4,"href":"https:\/\/agora.xtec.cat\/iesdecelra\/wp-json\/wp\/v2\/posts\/8783\/revisions"}],"predecessor-version":[{"id":8807,"href":"https:\/\/agora.xtec.cat\/iesdecelra\/wp-json\/wp\/v2\/posts\/8783\/revisions\/8807"}],"wp:featuredmedia":[{"embeddable":true,"href":"https:\/\/agora.xtec.cat\/iesdecelra\/wp-json\/wp\/v2\/media\/8757"}],"wp:attachment":[{"href":"https:\/\/agora.xtec.cat\/iesdecelra\/wp-json\/wp\/v2\/media?parent=8783"}],"wp:term":[{"taxonomy":"category","embeddable":true,"href":"https:\/\/agora.xtec.cat\/iesdecelra\/wp-json\/wp\/v2\/categories?post=8783"},{"taxonomy":"post_tag","embeddable":true,"href":"https:\/\/agora.xtec.cat\/iesdecelra\/wp-json\/wp\/v2\/tags?post=8783"}],"curies":[{"name":"wp","href":"https:\/\/api.w.org\/{rel}","templated":true}]}}