{"id":8700,"date":"2023-04-22T12:52:56","date_gmt":"2023-04-22T10:52:56","guid":{"rendered":"https:\/\/agora.xtec.cat\/iesdecelra\/?p=8700"},"modified":"2023-04-22T12:52:56","modified_gmt":"2023-04-22T10:52:56","slug":"jobshadowing-a-roskilde","status":"publish","type":"post","link":"https:\/\/agora.xtec.cat\/iesdecelra\/actualitat\/jobshadowing-a-roskilde\/","title":{"rendered":"JOBSHADOWING A ROSKILDE"},"content":{"rendered":"<p>La setmana del 17 al 21 d&#8217;abril tres representats de l\u2019Institut de Celr\u00e0 han anat d\u2019estada jobshadowing a Roskilde, Dinamarca, al Roskilde KatedralSkole.<\/p>\n<p>Hi han assistit la Laura Riera, com a directora del centre, la Montse Junc\u00e0 com a una de les coordinadores de l&#8217;Institut de Celr\u00e0 i la Mireia Guillaumes, com a Coordinadora Erasmus+ i Projectes Europeus. L&#8217;objectiu ha estat observar i compartir experi\u00e8ncies com a centre Erasmus+ acreditat sobre inclusi\u00f3, metodologies educatives, gesti\u00f3 de centre, programes de talent, programes europeus, el treball per projectes i la implicaci\u00f3 dels alumnes i fam\u00edlies en el centre educatiu.<\/p>\n<p>L&#8217;Institut de Celr\u00e0 ha sigut molt ben acollit per la direcci\u00f3 i el professorat del centre, hem pogut crear sin\u00e8rgies per futurs projectes i mobilitats amb l&#8217;alumnat, hem visitat classes, participat en diferents metodologies de treball a l&#8217;aula i parlat amb els alumnes i professorat. Valorem molt positivament haver apr\u00e8s i compartit experi\u00e8ncies amb un centre del nord d&#8217;Europa.<\/p>\n<p><img loading=\"lazy\" decoding=\"async\" class=\"aligncenter wp-image-8701\" src=\"https:\/\/agora.xtec.cat\/iesdecelra\/wp-content\/uploads\/usu1789\/2023\/04\/IMG-20230421-WA0005.jpg\" alt=\"\" width=\"1035\" height=\"776\" srcset=\"https:\/\/agora.xtec.cat\/iesdecelra\/wp-content\/uploads\/usu1789\/2023\/04\/IMG-20230421-WA0005.jpg 1600w, https:\/\/agora.xtec.cat\/iesdecelra\/wp-content\/uploads\/usu1789\/2023\/04\/IMG-20230421-WA0005-300x225.jpg 300w, https:\/\/agora.xtec.cat\/iesdecelra\/wp-content\/uploads\/usu1789\/2023\/04\/IMG-20230421-WA0005-1024x768.jpg 1024w, https:\/\/agora.xtec.cat\/iesdecelra\/wp-content\/uploads\/usu1789\/2023\/04\/IMG-20230421-WA0005-768x576.jpg 768w, https:\/\/agora.xtec.cat\/iesdecelra\/wp-content\/uploads\/usu1789\/2023\/04\/IMG-20230421-WA0005-1536x1152.jpg 1536w, https:\/\/agora.xtec.cat\/iesdecelra\/wp-content\/uploads\/usu1789\/2023\/04\/IMG-20230421-WA0005-200x150.jpg 200w\" sizes=\"auto, (max-width: 1035px) 100vw, 1035px\" \/><\/p>\n","protected":false},"excerpt":{"rendered":"<p>La setmana del 17 al 21 d&#8217;abril tres representats de l\u2019Institut de Celr\u00e0 han anat d\u2019estada jobshadowing a Roskilde, Dinamarca, al Roskilde KatedralSkole.<br \/>\nHi han assistit la Laura Riera, com a directora del centre, la Montse Junc\u00e0 com a una de les coordinadores de l&#8217;Institut de&hellip;  <a href=\"https:\/\/agora.xtec.cat\/iesdecelra\/actualitat\/jobshadowing-a-roskilde\/\" title=\"Read JOBSHADOWING A ROSKILDE\">Llegeix m\u00e9s\u00bb<\/a><\/p>\n","protected":false},"author":1,"featured_media":8701,"comment_status":"open","ping_status":"closed","sticky":false,"template":"","format":"standard","meta":{"_bbp_topic_count":0,"_bbp_reply_count":0,"_bbp_total_topic_count":0,"_bbp_total_reply_count":0,"_bbp_voice_count":0,"_bbp_anonymous_reply_count":0,"_bbp_topic_count_hidden":0,"_bbp_reply_count_hidden":0,"_bbp_forum_subforum_count":0,"footnotes":""},"categories":[103,342,156],"tags":[339,245],"class_list":["post-8700","post","type-post","status-publish","format-standard","has-post-thumbnail","hentry","category-actualitat","category-erasmus","category-european-projects","tag-curs-2022-2023","tag-erasmus"],"post_mailing_queue_ids":[],"_links":{"self":[{"href":"https:\/\/agora.xtec.cat\/iesdecelra\/wp-json\/wp\/v2\/posts\/8700","targetHints":{"allow":["GET"]}}],"collection":[{"href":"https:\/\/agora.xtec.cat\/iesdecelra\/wp-json\/wp\/v2\/posts"}],"about":[{"href":"https:\/\/agora.xtec.cat\/iesdecelra\/wp-json\/wp\/v2\/types\/post"}],"author":[{"embeddable":true,"href":"https:\/\/agora.xtec.cat\/iesdecelra\/wp-json\/wp\/v2\/users\/1"}],"replies":[{"embeddable":true,"href":"https:\/\/agora.xtec.cat\/iesdecelra\/wp-json\/wp\/v2\/comments?post=8700"}],"version-history":[{"count":1,"href":"https:\/\/agora.xtec.cat\/iesdecelra\/wp-json\/wp\/v2\/posts\/8700\/revisions"}],"predecessor-version":[{"id":8702,"href":"https:\/\/agora.xtec.cat\/iesdecelra\/wp-json\/wp\/v2\/posts\/8700\/revisions\/8702"}],"wp:featuredmedia":[{"embeddable":true,"href":"https:\/\/agora.xtec.cat\/iesdecelra\/wp-json\/wp\/v2\/media\/8701"}],"wp:attachment":[{"href":"https:\/\/agora.xtec.cat\/iesdecelra\/wp-json\/wp\/v2\/media?parent=8700"}],"wp:term":[{"taxonomy":"category","embeddable":true,"href":"https:\/\/agora.xtec.cat\/iesdecelra\/wp-json\/wp\/v2\/categories?post=8700"},{"taxonomy":"post_tag","embeddable":true,"href":"https:\/\/agora.xtec.cat\/iesdecelra\/wp-json\/wp\/v2\/tags?post=8700"}],"curies":[{"name":"wp","href":"https:\/\/api.w.org\/{rel}","templated":true}]}}