{"id":8667,"date":"2023-04-21T10:43:32","date_gmt":"2023-04-21T08:43:32","guid":{"rendered":"https:\/\/agora.xtec.cat\/iesdecelra\/?p=8667"},"modified":"2023-04-21T11:47:02","modified_gmt":"2023-04-21T09:47:02","slug":"xerrada-dorientacio-a-batxillerat","status":"publish","type":"post","link":"https:\/\/agora.xtec.cat\/iesdecelra\/cursos\/batxillerat\/xerrada-dorientacio-a-batxillerat\/","title":{"rendered":"XERRADA D&#8217;ORIENTACI\u00d3 A BATXILLERAT"},"content":{"rendered":"<p>En el marc de l&#8217;orientaci\u00f3 dels alumnes que aquest curs fan 2n de batxillerat, aquest any hem pogut recuperar la xerrada presencial per a fam\u00edlies i alumnes que f\u00e8iem abans de la pand\u00e8mia sobre L&#8217;ACC\u00c9S A LA UNIVERSITAT. El passat dimarts 18 d&#8217;abril van venir a l&#8217;institut la Manuela Hidalgo, coordinadora de les PAU i responsable d&#8217;acc\u00e9s de la Universitat de Girona i l&#8217;Anna Juanhuix, de la Secci\u00f3 d&#8217;Atenci\u00f3 a l&#8217;Estudiant i Acc\u00e9s. Va ser una estona molt profitosa en la que es va parlar de les PAU i del proc\u00e9s d&#8217;assignaci\u00f3 de places universit\u00e0ries i van respondre uns quants dubtes de les fam\u00edlies. Des de l&#8217;institut agra\u00efm molt la seva predisposici\u00f3 i estem molt contents de la rebuda d&#8217;aquesta activitat entre les fam\u00edlies i l&#8217;alumnat.<\/p>\n","protected":false},"excerpt":{"rendered":"<p>En el marc de l&#8217;orientaci\u00f3 dels alumnes que aquest curs fan 2n de batxillerat, aquest any hem pogut recuperar la xerrada presencial per a fam\u00edlies i alumnes que f\u00e8iem abans de la pand\u00e8mia sobre L&#8217;ACC\u00c9S A LA UNIVERSITAT. El passat dimarts 18 d&#8217;abril van venir&hellip;  <a href=\"https:\/\/agora.xtec.cat\/iesdecelra\/cursos\/batxillerat\/xerrada-dorientacio-a-batxillerat\/\" title=\"Read XERRADA D&#8217;ORIENTACI\u00d3 A BATXILLERAT\">Llegeix m\u00e9s\u00bb<\/a><\/p>\n","protected":false},"author":1,"featured_media":8671,"comment_status":"closed","ping_status":"closed","sticky":false,"template":"","format":"standard","meta":{"_bbp_topic_count":0,"_bbp_reply_count":0,"_bbp_total_topic_count":0,"_bbp_total_reply_count":0,"_bbp_voice_count":0,"_bbp_anonymous_reply_count":0,"_bbp_topic_count_hidden":0,"_bbp_reply_count_hidden":0,"_bbp_forum_subforum_count":0,"footnotes":""},"categories":[103,8],"tags":[115,117,339,264],"class_list":["post-8667","post","type-post","status-publish","format-standard","has-post-thumbnail","hentry","category-actualitat","category-batxillerat","tag-batxillerat","tag-curs-2018-2019","tag-curs-2022-2023","tag-tutoria"],"post_mailing_queue_ids":[],"_links":{"self":[{"href":"https:\/\/agora.xtec.cat\/iesdecelra\/wp-json\/wp\/v2\/posts\/8667","targetHints":{"allow":["GET"]}}],"collection":[{"href":"https:\/\/agora.xtec.cat\/iesdecelra\/wp-json\/wp\/v2\/posts"}],"about":[{"href":"https:\/\/agora.xtec.cat\/iesdecelra\/wp-json\/wp\/v2\/types\/post"}],"author":[{"embeddable":true,"href":"https:\/\/agora.xtec.cat\/iesdecelra\/wp-json\/wp\/v2\/users\/1"}],"replies":[{"embeddable":true,"href":"https:\/\/agora.xtec.cat\/iesdecelra\/wp-json\/wp\/v2\/comments?post=8667"}],"version-history":[{"count":3,"href":"https:\/\/agora.xtec.cat\/iesdecelra\/wp-json\/wp\/v2\/posts\/8667\/revisions"}],"predecessor-version":[{"id":8676,"href":"https:\/\/agora.xtec.cat\/iesdecelra\/wp-json\/wp\/v2\/posts\/8667\/revisions\/8676"}],"wp:featuredmedia":[{"embeddable":true,"href":"https:\/\/agora.xtec.cat\/iesdecelra\/wp-json\/wp\/v2\/media\/8671"}],"wp:attachment":[{"href":"https:\/\/agora.xtec.cat\/iesdecelra\/wp-json\/wp\/v2\/media?parent=8667"}],"wp:term":[{"taxonomy":"category","embeddable":true,"href":"https:\/\/agora.xtec.cat\/iesdecelra\/wp-json\/wp\/v2\/categories?post=8667"},{"taxonomy":"post_tag","embeddable":true,"href":"https:\/\/agora.xtec.cat\/iesdecelra\/wp-json\/wp\/v2\/tags?post=8667"}],"curies":[{"name":"wp","href":"https:\/\/api.w.org\/{rel}","templated":true}]}}