{"id":8530,"date":"2023-04-18T12:33:35","date_gmt":"2023-04-18T10:33:35","guid":{"rendered":"https:\/\/agora.xtec.cat\/iesdecelra\/?p=8530"},"modified":"2023-04-18T12:34:14","modified_gmt":"2023-04-18T10:34:14","slug":"dissabte-de-ciencia-en-equip-a-girona","status":"publish","type":"post","link":"https:\/\/agora.xtec.cat\/iesdecelra\/cursos\/eso\/eso-2\/dissabte-de-ciencia-en-equip-a-girona\/","title":{"rendered":"DISSABTE DE CI\u00c8NCIA EN EQUIP A GIRONA"},"content":{"rendered":"<p>Aquest dissabte al mat\u00ed l\u2019Institut de Celr\u00e0 va ser a la fira: Ci\u00e8ncia en Equip a Girona.En aquesta fira l\u2019alumnat de secund\u00e0ria explica amb il\u00b7lusi\u00f3 els experiments que hi ha portat i a m\u00e9s gaudeix de les propostes dels altres centres.<\/p>\n<p>Els alumnes de 2n de batxillerat explicaven la g\u00e0bia de Faraday amb bombolles de sab\u00f3, amb una olla amb tapa i un m\u00f2bil, i amb una malla i una r\u00e0dio. Els alumnes de 2n d\u2019ESO portaven gel sec i altres materials sorprenents com la neu instant\u00e0nia o les llenties que es comporten com un s\u00f2lid i com un l\u00edquid.<br \/>\nCom que feia molt bon dia va haver-hi una gran aflu\u00e8ncia de gent i va ser un no parar d\u2019explicar.<\/p>\n<p>Moltes gr\u00e0cies a tots els alumnes que vau venir a la fira, vau deixar el llist\u00f3 molt alt!<\/p>\n\r\n\t<div class=\"slideshow_container slideshow_container_style-light\" style=\"height: 500px; \" data-slideshow-id=\"8555\" data-style-name=\"style-light\" data-style-version=\"2.3.1\" >\r\n\r\n\t\t\t\t\t<div class=\"slideshow_loading_icon\"><\/div>\r\n\t\t\r\n\t\t<div class=\"slideshow_content\" style=\"display: none;\">\r\n\r\n\t\t\t<div class=\"slideshow_view\">\r\n\t\t\t\t<div class=\"slideshow_slide slideshow_slide_image\">\r\n\t\t\t\t\t\t\t\t\t\t\t<img src=\"https:\/\/agora.xtec.cat\/iesdecelra\/wp-content\/uploads\/usu1789\/2023\/04\/WhatsApp-Image-2023-04-15-at-12.01.50-2.jpeg\" alt=\"WhatsApp Image 2023-04-15 at 12.01.50 (2)\" width=\"2000\" height=\"900\" \/>\r\n\t\t\t\t\t\t\t\t\t\t<div class=\"slideshow_description_box slideshow_transparent\">\r\n\t\t\t\t\t\t<div class=\"slideshow_title\">WhatsApp Image 2023-04-15 at 12.01.50 (2)<\/div>\t\t\t\t\t\t\t\t\t\t\t<\/div>\r\n\t\t\t\t<\/div>\r\n\r\n\t\t\t\t\t\t<div style=\"clear: both;\"><\/div><\/div><div class=\"slideshow_view\">\r\n\t\t\t\t<div class=\"slideshow_slide slideshow_slide_image\">\r\n\t\t\t\t\t\t\t\t\t\t\t<img src=\"https:\/\/agora.xtec.cat\/iesdecelra\/wp-content\/uploads\/usu1789\/2023\/04\/WhatsApp-Image-2023-04-15-at-12.01.50-1.jpeg\" alt=\"WhatsApp Image 2023-04-15 at 12.01.50 (1)\" width=\"2000\" height=\"900\" \/>\r\n\t\t\t\t\t\t\t\t\t\t<div class=\"slideshow_description_box slideshow_transparent\">\r\n\t\t\t\t\t\t<div class=\"slideshow_title\">WhatsApp Image 2023-04-15 at 12.01.50 (1)<\/div>\t\t\t\t\t\t\t\t\t\t\t<\/div>\r\n\t\t\t\t<\/div>\r\n\r\n\t\t\t\t\t\t<div style=\"clear: both;\"><\/div><\/div><div class=\"slideshow_view\">\r\n\t\t\t\t<div class=\"slideshow_slide slideshow_slide_image\">\r\n\t\t\t\t\t\t\t\t\t\t\t<img src=\"https:\/\/agora.xtec.cat\/iesdecelra\/wp-content\/uploads\/usu1789\/2023\/04\/WhatsApp-Image-2023-04-15-at-12.01.50.jpeg\" alt=\"WhatsApp Image 2023-04-15 at 12.01.50\" width=\"900\" height=\"2000\" \/>\r\n\t\t\t\t\t\t\t\t\t\t<div class=\"slideshow_description_box slideshow_transparent\">\r\n\t\t\t\t\t\t<div class=\"slideshow_title\">WhatsApp Image 2023-04-15 at 12.01.50<\/div>\t\t\t\t\t\t\t\t\t\t\t<\/div>\r\n\t\t\t\t<\/div>\r\n\r\n\t\t\t\t\t\t<div style=\"clear: both;\"><\/div><\/div><div class=\"slideshow_view\">\r\n\t\t\t\t<div class=\"slideshow_slide slideshow_slide_image\">\r\n\t\t\t\t\t\t\t\t\t\t\t<img src=\"https:\/\/agora.xtec.cat\/iesdecelra\/wp-content\/uploads\/usu1789\/2023\/04\/WhatsApp-Image-2023-04-15-at-12.03.01-1.jpeg\" alt=\"WhatsApp Image 2023-04-15 at 12.03.01 (1)\" width=\"2000\" height=\"900\" \/>\r\n\t\t\t\t\t\t\t\t\t\t<div class=\"slideshow_description_box slideshow_transparent\">\r\n\t\t\t\t\t\t<div class=\"slideshow_title\">WhatsApp Image 2023-04-15 at 12.03.01 (1)<\/div>\t\t\t\t\t\t\t\t\t\t\t<\/div>\r\n\t\t\t\t<\/div>\r\n\r\n\t\t\t\t\t\t<div style=\"clear: both;\"><\/div><\/div><div class=\"slideshow_view\">\r\n\t\t\t\t<div class=\"slideshow_slide slideshow_slide_image\">\r\n\t\t\t\t\t\t\t\t\t\t\t<img src=\"https:\/\/agora.xtec.cat\/iesdecelra\/wp-content\/uploads\/usu1789\/2023\/04\/WhatsApp-Image-2023-04-15-at-12.03.01.jpeg\" alt=\"WhatsApp Image 2023-04-15 at 12.03.01\" width=\"2000\" height=\"900\" \/>\r\n\t\t\t\t\t\t\t\t\t\t<div class=\"slideshow_description_box slideshow_transparent\">\r\n\t\t\t\t\t\t<div class=\"slideshow_title\">WhatsApp Image 2023-04-15 at 12.03.01<\/div>\t\t\t\t\t\t\t\t\t\t\t<\/div>\r\n\t\t\t\t<\/div>\r\n\r\n\t\t\t\t\t\t<div style=\"clear: both;\"><\/div><\/div><div class=\"slideshow_view\">\r\n\t\t\t\t<div class=\"slideshow_slide slideshow_slide_image\">\r\n\t\t\t\t\t\t\t\t\t\t\t<img src=\"https:\/\/agora.xtec.cat\/iesdecelra\/wp-content\/uploads\/usu1789\/2023\/04\/WhatsApp-Image-2023-04-15-at-12.03.25.jpeg\" alt=\"WhatsApp Image 2023-04-15 at 12.03.25\" width=\"2000\" height=\"900\" \/>\r\n\t\t\t\t\t\t\t\t\t\t<div class=\"slideshow_description_box slideshow_transparent\">\r\n\t\t\t\t\t\t<div class=\"slideshow_title\">WhatsApp Image 2023-04-15 at 12.03.25<\/div>\t\t\t\t\t\t\t\t\t\t\t<\/div>\r\n\t\t\t\t<\/div>\r\n\r\n\t\t\t\t\t\t<div style=\"clear: both;\"><\/div><\/div><div class=\"slideshow_view\">\r\n\t\t\t\t<div class=\"slideshow_slide slideshow_slide_image\">\r\n\t\t\t\t\t\t\t\t\t\t\t<img src=\"https:\/\/agora.xtec.cat\/iesdecelra\/wp-content\/uploads\/usu1789\/2023\/04\/WhatsApp-Image-2023-04-15-at-12.01.25.jpeg\" alt=\"WhatsApp Image 2023-04-15 at 12.01.25\" width=\"1600\" height=\"1196\" \/>\r\n\t\t\t\t\t\t\t\t\t\t<div class=\"slideshow_description_box slideshow_transparent\">\r\n\t\t\t\t\t\t<div class=\"slideshow_title\">WhatsApp Image 2023-04-15 at 12.01.25<\/div>\t\t\t\t\t\t\t\t\t\t\t<\/div>\r\n\t\t\t\t<\/div>\r\n\r\n\t\t\t\t\t\t<div style=\"clear: both;\"><\/div><\/div>\r\n\t\t<\/div>\r\n\r\n\t\t<div class=\"slideshow_controlPanel slideshow_transparent\" style=\"display: none;\"><ul><li class=\"slideshow_togglePlay\" data-play-text=\"Visualitza\" data-pause-text=\"Pausa\"><\/li><\/ul><\/div>\r\n\r\n\t\t<div class=\"slideshow_button slideshow_previous slideshow_transparent\" role=\"button\" data-previous-text=\"Anterior\" style=\"display: none;\"><\/div>\r\n\t\t<div class=\"slideshow_button slideshow_next slideshow_transparent\" role=\"button\" data-next-text=\"Seg\u00fcent\" style=\"display: none;\"><\/div>\r\n\r\n\t\t<div class=\"slideshow_pagination\" style=\"display: none;\" data-go-to-text=\"V\u00e9s a la diapositiva\"><div class=\"slideshow_pagination_center\"><\/div><\/div>\r\n\r\n\t\t<!-- WordPress Slideshow Version 2.3.1 -->\r\n\r\n\t\t\t<\/div>\r\n\r\n\n","protected":false},"excerpt":{"rendered":"<p>Aquest dissabte al mat\u00ed l\u2019Institut de Celr\u00e0 va ser a la fira: Ci\u00e8ncia en Equip a Girona.En aquesta fira l\u2019alumnat de secund\u00e0ria explica amb il\u00b7lusi\u00f3 els experiments que hi ha portat i a m\u00e9s gaudeix de les propostes dels altres centres.<br \/>\nEls alumnes de 2n de&hellip;  <a href=\"https:\/\/agora.xtec.cat\/iesdecelra\/cursos\/eso\/eso-2\/dissabte-de-ciencia-en-equip-a-girona\/\" title=\"Read DISSABTE DE CI\u00c8NCIA EN EQUIP A GIRONA\">Llegeix m\u00e9s\u00bb<\/a><\/p>\n","protected":false},"author":1,"featured_media":8531,"comment_status":"open","ping_status":"closed","sticky":false,"template":"","format":"standard","meta":{"_bbp_topic_count":0,"_bbp_reply_count":0,"_bbp_total_topic_count":0,"_bbp_total_reply_count":0,"_bbp_voice_count":0,"_bbp_anonymous_reply_count":0,"_bbp_topic_count_hidden":0,"_bbp_reply_count_hidden":0,"_bbp_forum_subforum_count":0,"footnotes":""},"categories":[103,8,5,299],"tags":[339,151],"class_list":["post-8530","post","type-post","status-publish","format-standard","has-post-thumbnail","hentry","category-actualitat","category-batxillerat","category-eso-2","category-insteam","tag-curs-2022-2023","tag-departament-de-ciencies-naturals"],"post_mailing_queue_ids":[],"_links":{"self":[{"href":"https:\/\/agora.xtec.cat\/iesdecelra\/wp-json\/wp\/v2\/posts\/8530","targetHints":{"allow":["GET"]}}],"collection":[{"href":"https:\/\/agora.xtec.cat\/iesdecelra\/wp-json\/wp\/v2\/posts"}],"about":[{"href":"https:\/\/agora.xtec.cat\/iesdecelra\/wp-json\/wp\/v2\/types\/post"}],"author":[{"embeddable":true,"href":"https:\/\/agora.xtec.cat\/iesdecelra\/wp-json\/wp\/v2\/users\/1"}],"replies":[{"embeddable":true,"href":"https:\/\/agora.xtec.cat\/iesdecelra\/wp-json\/wp\/v2\/comments?post=8530"}],"version-history":[{"count":3,"href":"https:\/\/agora.xtec.cat\/iesdecelra\/wp-json\/wp\/v2\/posts\/8530\/revisions"}],"predecessor-version":[{"id":8625,"href":"https:\/\/agora.xtec.cat\/iesdecelra\/wp-json\/wp\/v2\/posts\/8530\/revisions\/8625"}],"wp:featuredmedia":[{"embeddable":true,"href":"https:\/\/agora.xtec.cat\/iesdecelra\/wp-json\/wp\/v2\/media\/8531"}],"wp:attachment":[{"href":"https:\/\/agora.xtec.cat\/iesdecelra\/wp-json\/wp\/v2\/media?parent=8530"}],"wp:term":[{"taxonomy":"category","embeddable":true,"href":"https:\/\/agora.xtec.cat\/iesdecelra\/wp-json\/wp\/v2\/categories?post=8530"},{"taxonomy":"post_tag","embeddable":true,"href":"https:\/\/agora.xtec.cat\/iesdecelra\/wp-json\/wp\/v2\/tags?post=8530"}],"curies":[{"name":"wp","href":"https:\/\/api.w.org\/{rel}","templated":true}]}}