{"id":8414,"date":"2023-03-30T16:36:25","date_gmt":"2023-03-30T14:36:25","guid":{"rendered":"https:\/\/agora.xtec.cat\/iesdecelra\/?p=8414"},"modified":"2023-03-31T07:25:54","modified_gmt":"2023-03-31T05:25:54","slug":"visitem-les-instal%c2%b7lacions-de-tv3","status":"publish","type":"post","link":"https:\/\/agora.xtec.cat\/iesdecelra\/cursos\/eso\/eso-4\/visitem-les-instal%c2%b7lacions-de-tv3\/","title":{"rendered":"VISITEM LES INSTAL\u00b7LACIONS DE TV3"},"content":{"rendered":"<p style=\"text-align: justify;\">Els alumnes de 4t d&#8217;ESO que cursen la mat\u00e8ria TIC han anat a visitar les instal\u00b7lacions de TV3 a Sant Joan Desp\u00ed.<\/p>\n<p style=\"text-align: justify;\">All\u00ed ens han explicat que TV3 es va fundar el 1983 ara fa 40 anys amb un objectiu clar de promoure l&#8217;\u00fas de la llengua catalana.\u00a0 Actualment, consta de cinc canals que s\u00f3n TV3, 3\/24, Super3, Esports 3 i El 33 on treballen m\u00e9s de 2200 persones.<\/p>\n<p style=\"text-align: justify;\">Durant la visita hem pogut entrar al Centre d&#8217;Emissi\u00f3 d&#8217;Informatius (CEI) on es troben les diferents redaccions: actualitat, internacional, pol\u00edtica, cultura, esports&#8230;, i el plat\u00f3 on es fan di\u00e0riament els informatius TN Comarques, el Telenot\u00edcies migdia i Telenot\u00edcies vespre. Tamb\u00e9 hem pogut entrar a la Sala de control des d&#8217;on els t\u00e8cnics monitoritzen i controlen tot all\u00f2 que surt a emissi\u00f3.<\/p>\n<p style=\"text-align: justify;\">Tamb\u00e9 hem visitat el Centre de Serveis i Energies (CSE) on es guarden les unitats m\u00f2bils que donen cobertura arreu del territori catal\u00e0. I per \u00faltim, hem entrat al Plat\u00f3 1 on actualment es grava el programa Euf\u00f2ria i el Plat\u00f3 2 on es grava el programa Est\u00e0 Passant amb Toni Soler.<\/p>\n<p style=\"text-align: justify;\">Ha estat una visita molt enriquidora i hem pogut observar que a una cadena de televisi\u00f3 hi treballa gent de perfil professional molt diferent.<\/p>\n<p><img loading=\"lazy\" decoding=\"async\" class=\"aligncenter wp-image-8450\" src=\"https:\/\/agora.xtec.cat\/iesdecelra\/wp-content\/uploads\/usu1789\/2023\/03\/WhatsApp-Image-2023-03-30-at-16.24.18.jpeg\" alt=\"\" width=\"1041\" height=\"781\" srcset=\"https:\/\/agora.xtec.cat\/iesdecelra\/wp-content\/uploads\/usu1789\/2023\/03\/WhatsApp-Image-2023-03-30-at-16.24.18.jpeg 2048w, https:\/\/agora.xtec.cat\/iesdecelra\/wp-content\/uploads\/usu1789\/2023\/03\/WhatsApp-Image-2023-03-30-at-16.24.18-300x225.jpeg 300w, https:\/\/agora.xtec.cat\/iesdecelra\/wp-content\/uploads\/usu1789\/2023\/03\/WhatsApp-Image-2023-03-30-at-16.24.18-1024x768.jpeg 1024w, https:\/\/agora.xtec.cat\/iesdecelra\/wp-content\/uploads\/usu1789\/2023\/03\/WhatsApp-Image-2023-03-30-at-16.24.18-768x576.jpeg 768w, https:\/\/agora.xtec.cat\/iesdecelra\/wp-content\/uploads\/usu1789\/2023\/03\/WhatsApp-Image-2023-03-30-at-16.24.18-1536x1152.jpeg 1536w, https:\/\/agora.xtec.cat\/iesdecelra\/wp-content\/uploads\/usu1789\/2023\/03\/WhatsApp-Image-2023-03-30-at-16.24.18-200x150.jpeg 200w\" sizes=\"auto, (max-width: 1041px) 100vw, 1041px\" \/><\/p>\n<p><img loading=\"lazy\" decoding=\"async\" class=\"aligncenter wp-image-8451\" src=\"https:\/\/agora.xtec.cat\/iesdecelra\/wp-content\/uploads\/usu1789\/2023\/03\/WhatsApp-Image-2023-03-30-at-13.33.30.jpeg\" alt=\"\" width=\"1046\" height=\"785\" srcset=\"https:\/\/agora.xtec.cat\/iesdecelra\/wp-content\/uploads\/usu1789\/2023\/03\/WhatsApp-Image-2023-03-30-at-13.33.30.jpeg 1600w, https:\/\/agora.xtec.cat\/iesdecelra\/wp-content\/uploads\/usu1789\/2023\/03\/WhatsApp-Image-2023-03-30-at-13.33.30-300x225.jpeg 300w, https:\/\/agora.xtec.cat\/iesdecelra\/wp-content\/uploads\/usu1789\/2023\/03\/WhatsApp-Image-2023-03-30-at-13.33.30-1024x768.jpeg 1024w, https:\/\/agora.xtec.cat\/iesdecelra\/wp-content\/uploads\/usu1789\/2023\/03\/WhatsApp-Image-2023-03-30-at-13.33.30-768x576.jpeg 768w, https:\/\/agora.xtec.cat\/iesdecelra\/wp-content\/uploads\/usu1789\/2023\/03\/WhatsApp-Image-2023-03-30-at-13.33.30-1536x1152.jpeg 1536w, https:\/\/agora.xtec.cat\/iesdecelra\/wp-content\/uploads\/usu1789\/2023\/03\/WhatsApp-Image-2023-03-30-at-13.33.30-200x150.jpeg 200w\" sizes=\"auto, (max-width: 1046px) 100vw, 1046px\" \/><\/p>\n<p>&nbsp;<\/p>\n","protected":false},"excerpt":{"rendered":"<p>Els alumnes de 4t d&#8217;ESO que cursen la mat\u00e8ria TIC han anat a visitar les instal\u00b7lacions de TV3 a Sant Joan Desp\u00ed.<br \/>\nAll\u00ed ens han explicat que TV3 es va fundar el 1983 ara fa 40 anys amb un objectiu clar de promoure l&#8217;\u00fas de la&hellip;  <a href=\"https:\/\/agora.xtec.cat\/iesdecelra\/cursos\/eso\/eso-4\/visitem-les-instal%c2%b7lacions-de-tv3\/\" title=\"Read VISITEM LES INSTAL\u00b7LACIONS DE TV3\">Llegeix m\u00e9s\u00bb<\/a><\/p>\n","protected":false},"author":1,"featured_media":8452,"comment_status":"open","ping_status":"closed","sticky":false,"template":"","format":"standard","meta":{"_bbp_topic_count":0,"_bbp_reply_count":0,"_bbp_total_topic_count":0,"_bbp_total_reply_count":0,"_bbp_voice_count":0,"_bbp_anonymous_reply_count":0,"_bbp_topic_count_hidden":0,"_bbp_reply_count_hidden":0,"_bbp_forum_subforum_count":0,"footnotes":""},"categories":[103,7],"tags":[339,209],"class_list":["post-8414","post","type-post","status-publish","format-standard","has-post-thumbnail","hentry","category-actualitat","category-eso-4","tag-curs-2022-2023","tag-departament-de-tecnologia"],"post_mailing_queue_ids":[],"_links":{"self":[{"href":"https:\/\/agora.xtec.cat\/iesdecelra\/wp-json\/wp\/v2\/posts\/8414","targetHints":{"allow":["GET"]}}],"collection":[{"href":"https:\/\/agora.xtec.cat\/iesdecelra\/wp-json\/wp\/v2\/posts"}],"about":[{"href":"https:\/\/agora.xtec.cat\/iesdecelra\/wp-json\/wp\/v2\/types\/post"}],"author":[{"embeddable":true,"href":"https:\/\/agora.xtec.cat\/iesdecelra\/wp-json\/wp\/v2\/users\/1"}],"replies":[{"embeddable":true,"href":"https:\/\/agora.xtec.cat\/iesdecelra\/wp-json\/wp\/v2\/comments?post=8414"}],"version-history":[{"count":3,"href":"https:\/\/agora.xtec.cat\/iesdecelra\/wp-json\/wp\/v2\/posts\/8414\/revisions"}],"predecessor-version":[{"id":8458,"href":"https:\/\/agora.xtec.cat\/iesdecelra\/wp-json\/wp\/v2\/posts\/8414\/revisions\/8458"}],"wp:featuredmedia":[{"embeddable":true,"href":"https:\/\/agora.xtec.cat\/iesdecelra\/wp-json\/wp\/v2\/media\/8452"}],"wp:attachment":[{"href":"https:\/\/agora.xtec.cat\/iesdecelra\/wp-json\/wp\/v2\/media?parent=8414"}],"wp:term":[{"taxonomy":"category","embeddable":true,"href":"https:\/\/agora.xtec.cat\/iesdecelra\/wp-json\/wp\/v2\/categories?post=8414"},{"taxonomy":"post_tag","embeddable":true,"href":"https:\/\/agora.xtec.cat\/iesdecelra\/wp-json\/wp\/v2\/tags?post=8414"}],"curies":[{"name":"wp","href":"https:\/\/api.w.org\/{rel}","templated":true}]}}