{"id":8328,"date":"2023-03-20T12:27:11","date_gmt":"2023-03-20T11:27:11","guid":{"rendered":"https:\/\/agora.xtec.cat\/iesdecelra\/?p=8328"},"modified":"2023-03-24T12:25:07","modified_gmt":"2023-03-24T11:25:07","slug":"28a-prova-cangur","status":"publish","type":"post","link":"https:\/\/agora.xtec.cat\/iesdecelra\/cursos\/eso\/28a-prova-cangur\/","title":{"rendered":"28a PROVA CANGUR"},"content":{"rendered":"<p>El dijous 16 de mar\u00e7 una cinquantena d&#8217;alumnes de 1r, 2n 3r i 4t d&#8217;ESO i 2n de Batxillerat varen participar volunt\u00e0riament a la 28a edici\u00f3 de la Prova Cangur, val a dir que des de l&#8217;institut de Celr\u00e0 hi estem participant des del seu inici.<\/p>\n<p>Aquestes proves s\u00f3n organitzades per la Societat Catalana de Matem\u00e0tiques i es porten a terme el mateix dia a la mateixa hora a tot el territori europeu. El seu objectiu \u00e9s divulgar el raonament matem\u00e0tic reptant als alumnes a resoldre situacions matem\u00e0tiques i problemes contextualitzats on requereix un esfor\u00e7 de raonament per poder resoldre-les. Cada prova est\u00e0 adaptada al curs de l&#8217;alumne, que ha de resoldre 30 situacions (amb respostes tipus test) de tres dificultats diferents.<\/p>\n\r\n\t<div class=\"slideshow_container slideshow_container_style-light\" style=\"height: 500px; \" data-slideshow-id=\"8343\" data-style-name=\"style-light\" data-style-version=\"2.3.1\" >\r\n\r\n\t\t\t\t\t<div class=\"slideshow_loading_icon\"><\/div>\r\n\t\t\r\n\t\t<div class=\"slideshow_content\" style=\"display: none;\">\r\n\r\n\t\t\t<div class=\"slideshow_view\">\r\n\t\t\t\t<div class=\"slideshow_slide slideshow_slide_image\">\r\n\t\t\t\t\t\t\t\t\t\t\t<img src=\"https:\/\/agora.xtec.cat\/iesdecelra\/wp-content\/uploads\/usu1789\/2023\/03\/WhatsApp-Image-2023-03-16-at-09.03.15.jpeg\" alt=\"WhatsApp Image 2023-03-16 at 09.03.15\" width=\"2000\" height=\"1500\" \/>\r\n\t\t\t\t\t\t\t\t\t\t<div class=\"slideshow_description_box slideshow_transparent\">\r\n\t\t\t\t\t\t<div class=\"slideshow_title\">WhatsApp Image 2023-03-16 at 09.03.15<\/div>\t\t\t\t\t\t\t\t\t\t\t<\/div>\r\n\t\t\t\t<\/div>\r\n\r\n\t\t\t\t\t\t<div style=\"clear: both;\"><\/div><\/div>\r\n\t\t<\/div>\r\n\r\n\t\t<div class=\"slideshow_controlPanel slideshow_transparent\" style=\"display: none;\"><ul><li class=\"slideshow_togglePlay\" data-play-text=\"Visualitza\" data-pause-text=\"Pausa\"><\/li><\/ul><\/div>\r\n\r\n\t\t<div class=\"slideshow_button slideshow_previous slideshow_transparent\" role=\"button\" data-previous-text=\"Anterior\" style=\"display: none;\"><\/div>\r\n\t\t<div class=\"slideshow_button slideshow_next slideshow_transparent\" role=\"button\" data-next-text=\"Seg\u00fcent\" style=\"display: none;\"><\/div>\r\n\r\n\t\t<div class=\"slideshow_pagination\" style=\"display: none;\" data-go-to-text=\"V\u00e9s a la diapositiva\"><div class=\"slideshow_pagination_center\"><\/div><\/div>\r\n\r\n\t\t<!-- WordPress Slideshow Version 2.3.1 -->\r\n\r\n\t\t\t<\/div>\r\n\r\n\n<p>&nbsp;<\/p>\n","protected":false},"excerpt":{"rendered":"<p>El dijous 16 de mar\u00e7 una cinquantena d&#8217;alumnes de 1r, 2n 3r i 4t d&#8217;ESO i 2n de Batxillerat varen participar volunt\u00e0riament a la 28a edici\u00f3 de la Prova Cangur, val a dir que des de l&#8217;institut de Celr\u00e0 hi estem participant des del seu&hellip;  <a href=\"https:\/\/agora.xtec.cat\/iesdecelra\/cursos\/eso\/28a-prova-cangur\/\" title=\"Read 28a PROVA CANGUR\">Llegeix m\u00e9s\u00bb<\/a><\/p>\n","protected":false},"author":1,"featured_media":8403,"comment_status":"closed","ping_status":"closed","sticky":false,"template":"","format":"standard","meta":{"_bbp_topic_count":0,"_bbp_reply_count":0,"_bbp_total_topic_count":0,"_bbp_total_reply_count":0,"_bbp_voice_count":0,"_bbp_anonymous_reply_count":0,"_bbp_topic_count_hidden":0,"_bbp_reply_count_hidden":0,"_bbp_forum_subforum_count":0,"footnotes":""},"categories":[103,218,3],"tags":[120,133,233,127,115,339,208],"class_list":["post-8328","post","type-post","status-publish","format-standard","has-post-thumbnail","hentry","category-actualitat","category-concursos-i-premis","category-eso","tag-1r-deso","tag-2n-deso","tag-3r-deso","tag-4t-deso","tag-batxillerat","tag-curs-2022-2023","tag-departament-de-matematiques"],"post_mailing_queue_ids":[],"_links":{"self":[{"href":"https:\/\/agora.xtec.cat\/iesdecelra\/wp-json\/wp\/v2\/posts\/8328","targetHints":{"allow":["GET"]}}],"collection":[{"href":"https:\/\/agora.xtec.cat\/iesdecelra\/wp-json\/wp\/v2\/posts"}],"about":[{"href":"https:\/\/agora.xtec.cat\/iesdecelra\/wp-json\/wp\/v2\/types\/post"}],"author":[{"embeddable":true,"href":"https:\/\/agora.xtec.cat\/iesdecelra\/wp-json\/wp\/v2\/users\/1"}],"replies":[{"embeddable":true,"href":"https:\/\/agora.xtec.cat\/iesdecelra\/wp-json\/wp\/v2\/comments?post=8328"}],"version-history":[{"count":3,"href":"https:\/\/agora.xtec.cat\/iesdecelra\/wp-json\/wp\/v2\/posts\/8328\/revisions"}],"predecessor-version":[{"id":8367,"href":"https:\/\/agora.xtec.cat\/iesdecelra\/wp-json\/wp\/v2\/posts\/8328\/revisions\/8367"}],"wp:featuredmedia":[{"embeddable":true,"href":"https:\/\/agora.xtec.cat\/iesdecelra\/wp-json\/wp\/v2\/media\/8403"}],"wp:attachment":[{"href":"https:\/\/agora.xtec.cat\/iesdecelra\/wp-json\/wp\/v2\/media?parent=8328"}],"wp:term":[{"taxonomy":"category","embeddable":true,"href":"https:\/\/agora.xtec.cat\/iesdecelra\/wp-json\/wp\/v2\/categories?post=8328"},{"taxonomy":"post_tag","embeddable":true,"href":"https:\/\/agora.xtec.cat\/iesdecelra\/wp-json\/wp\/v2\/tags?post=8328"}],"curies":[{"name":"wp","href":"https:\/\/api.w.org\/{rel}","templated":true}]}}