{"id":8160,"date":"2023-03-03T08:00:12","date_gmt":"2023-03-03T07:00:12","guid":{"rendered":"https:\/\/agora.xtec.cat\/iesdecelra\/?p=8160"},"modified":"2023-03-05T10:34:02","modified_gmt":"2023-03-05T09:34:02","slug":"seleccionats-cracs-2023","status":"publish","type":"post","link":"https:\/\/agora.xtec.cat\/iesdecelra\/cursos\/batxillerat\/seleccionats-cracs-2023\/","title":{"rendered":"SELECCIONATS CRACS 2023"},"content":{"rendered":"<p>Els alumnes Eloi Fern\u00e1ndez Cano i Sergi Flores Mar\u00edn de segon de Batxillerat han estat\u00a0 <a href=\"https:\/\/www.udg.edu\/ca\/secundaria\/cracs\/seleccionats\">seleccionats<\/a> a participar en la 11a edici\u00f3 del Congr\u00e9s CRACS d&#8217;aquesta edici\u00f3 que tindr\u00e0 lloc a la Sala de Graus de la Facultat de Dret\u00a0el\u00a0dimecres 22 de mar\u00e7 de 2023. Despr\u00e9s de projectar el v\u00eddeo cada participant haur\u00e0 de defensar la seva recerca responent a les preguntes que els formuli un tribunal.<\/p>\n<p>Un dels premis que s&#8217;obtindr\u00e0 \u00e9s el Premi del P\u00fablic del v\u00eddeo que tingui m\u00e9s \u2018m\u2019agrada\u2019 al canal de <a href=\"https:\/\/www.youtube.com\/@univgirona\">Youtube de la UdG<\/a> durant el per\u00edode compr\u00e8s entre el <strong>2 i el 15 de mar\u00e7 a les 14h <\/strong>aix\u00ed que animeu-vos a mirar els seus v\u00eddeos i donar-los un &#8220;like&#8221;.<\/p>\n<p><iframe loading=\"lazy\" title=\"YouTube video player\" src=\"https:\/\/www.youtube.com\/embed\/YYJrWZIKIXU\" width=\"500\" height=\"300\" frameborder=\"0\" allowfullscreen=\"allowfullscreen\"><\/iframe><iframe loading=\"lazy\" title=\"YouTube video player\" src=\"https:\/\/www.youtube.com\/embed\/hmX6k8MqqjA\" width=\"500\" height=\"300\" frameborder=\"0\" allowfullscreen=\"allowfullscreen\"><\/iframe><\/p>\n<p>Moltes felicitats per la feina feta Sergi i Eloi i sort en el Congr\u00e9s!<\/p>\n","protected":false},"excerpt":{"rendered":"<p>Els alumnes Eloi Fern\u00e1ndez Cano i Sergi Flores Mar\u00edn de segon de Batxillerat han estat\u00a0 <a href=\"https:\/\/www.udg.edu\/ca\/secundaria\/cracs\/seleccionats\">seleccionats<\/a> a participar en la 11a edici\u00f3 del Congr\u00e9s CRACS d&#8217;aquesta edici\u00f3 que tindr\u00e0 lloc a la Sala de Graus de la Facultat de Dret\u00a0el\u00a0dimecres 22 de mar\u00e7 de&hellip;  <a href=\"https:\/\/agora.xtec.cat\/iesdecelra\/cursos\/batxillerat\/seleccionats-cracs-2023\/\" title=\"Read SELECCIONATS CRACS 2023\">Llegeix m\u00e9s\u00bb<\/a><\/p>\n","protected":false},"author":1,"featured_media":8161,"comment_status":"open","ping_status":"closed","sticky":false,"template":"","format":"standard","meta":{"_bbp_topic_count":0,"_bbp_reply_count":0,"_bbp_total_topic_count":0,"_bbp_total_reply_count":0,"_bbp_voice_count":0,"_bbp_anonymous_reply_count":0,"_bbp_topic_count_hidden":0,"_bbp_reply_count_hidden":0,"_bbp_forum_subforum_count":0,"footnotes":""},"categories":[103,8,218],"tags":[339,216,116],"class_list":["post-8160","post","type-post","status-publish","format-standard","has-post-thumbnail","hentry","category-actualitat","category-batxillerat","category-concursos-i-premis","tag-curs-2022-2023","tag-premis","tag-treball-de-recerca"],"post_mailing_queue_ids":[],"_links":{"self":[{"href":"https:\/\/agora.xtec.cat\/iesdecelra\/wp-json\/wp\/v2\/posts\/8160","targetHints":{"allow":["GET"]}}],"collection":[{"href":"https:\/\/agora.xtec.cat\/iesdecelra\/wp-json\/wp\/v2\/posts"}],"about":[{"href":"https:\/\/agora.xtec.cat\/iesdecelra\/wp-json\/wp\/v2\/types\/post"}],"author":[{"embeddable":true,"href":"https:\/\/agora.xtec.cat\/iesdecelra\/wp-json\/wp\/v2\/users\/1"}],"replies":[{"embeddable":true,"href":"https:\/\/agora.xtec.cat\/iesdecelra\/wp-json\/wp\/v2\/comments?post=8160"}],"version-history":[{"count":3,"href":"https:\/\/agora.xtec.cat\/iesdecelra\/wp-json\/wp\/v2\/posts\/8160\/revisions"}],"predecessor-version":[{"id":8183,"href":"https:\/\/agora.xtec.cat\/iesdecelra\/wp-json\/wp\/v2\/posts\/8160\/revisions\/8183"}],"wp:featuredmedia":[{"embeddable":true,"href":"https:\/\/agora.xtec.cat\/iesdecelra\/wp-json\/wp\/v2\/media\/8161"}],"wp:attachment":[{"href":"https:\/\/agora.xtec.cat\/iesdecelra\/wp-json\/wp\/v2\/media?parent=8160"}],"wp:term":[{"taxonomy":"category","embeddable":true,"href":"https:\/\/agora.xtec.cat\/iesdecelra\/wp-json\/wp\/v2\/categories?post=8160"},{"taxonomy":"post_tag","embeddable":true,"href":"https:\/\/agora.xtec.cat\/iesdecelra\/wp-json\/wp\/v2\/tags?post=8160"}],"curies":[{"name":"wp","href":"https:\/\/api.w.org\/{rel}","templated":true}]}}