{"id":7904,"date":"2023-02-10T11:54:18","date_gmt":"2023-02-10T10:54:18","guid":{"rendered":"https:\/\/agora.xtec.cat\/iesdecelra\/?p=7904"},"modified":"2023-02-10T11:54:18","modified_gmt":"2023-02-10T10:54:18","slug":"teatre-amb-tematica","status":"publish","type":"post","link":"https:\/\/agora.xtec.cat\/iesdecelra\/cursos\/eso\/eso-2\/teatre-amb-tematica\/","title":{"rendered":"TEATRE AMB TEM\u00c0TICA"},"content":{"rendered":"<p>El divendres 7 de febrer, els alumnes de 2n d\u2019ESO van assistir al Teatre l&#8217;Ateneu de Celr\u00e0 per veure l\u2019espectacle NUA (radiografia d&#8217;un trastorn) de l&#8217;actriu Ann Perell\u00f3. Un espectacle que ens parla dels trastorns de la conducta aliment\u00e0ria i la pressi\u00f3 est\u00e8tica que exerceixen les xarxes socials i l\u2019entorn.<\/p>\n<p>Ho hem complementat aquesta setmana amb una xerrada a classe de l&#8217;Associaci\u00f3 Contra l&#8217;Anor\u00e8xia i la Bul\u00edmia\u00a0per reflexionar sobre les etiquetes i la normativitat i la naturalitat dels cossos.<\/p>\n<p><img loading=\"lazy\" decoding=\"async\" class=\"aligncenter size-full wp-image-7989\" src=\"https:\/\/agora.xtec.cat\/iesdecelra\/wp-content\/uploads\/usu1789\/2023\/02\/WhatsApp-Image-2023-02-06-at-12.32.28.jpeg\" alt=\"\" width=\"1600\" height=\"720\" srcset=\"https:\/\/agora.xtec.cat\/iesdecelra\/wp-content\/uploads\/usu1789\/2023\/02\/WhatsApp-Image-2023-02-06-at-12.32.28.jpeg 1600w, https:\/\/agora.xtec.cat\/iesdecelra\/wp-content\/uploads\/usu1789\/2023\/02\/WhatsApp-Image-2023-02-06-at-12.32.28-300x135.jpeg 300w, https:\/\/agora.xtec.cat\/iesdecelra\/wp-content\/uploads\/usu1789\/2023\/02\/WhatsApp-Image-2023-02-06-at-12.32.28-1024x461.jpeg 1024w, https:\/\/agora.xtec.cat\/iesdecelra\/wp-content\/uploads\/usu1789\/2023\/02\/WhatsApp-Image-2023-02-06-at-12.32.28-768x346.jpeg 768w, https:\/\/agora.xtec.cat\/iesdecelra\/wp-content\/uploads\/usu1789\/2023\/02\/WhatsApp-Image-2023-02-06-at-12.32.28-1536x691.jpeg 1536w\" sizes=\"auto, (max-width: 1600px) 100vw, 1600px\" \/><\/p>\n","protected":false},"excerpt":{"rendered":"<p>El divendres 7 de febrer, els alumnes de 2n d\u2019ESO van assistir al Teatre l&#8217;Ateneu de Celr\u00e0 per veure l\u2019espectacle NUA (radiografia d&#8217;un trastorn) de l&#8217;actriu Ann Perell\u00f3. Un espectacle que ens parla dels trastorns de la conducta aliment\u00e0ria i la pressi\u00f3 est\u00e8tica que exerceixen&hellip;  <a href=\"https:\/\/agora.xtec.cat\/iesdecelra\/cursos\/eso\/eso-2\/teatre-amb-tematica\/\" title=\"Read TEATRE AMB TEM\u00c0TICA\">Llegeix m\u00e9s\u00bb<\/a><\/p>\n","protected":false},"author":1,"featured_media":7989,"comment_status":"open","ping_status":"closed","sticky":false,"template":"","format":"standard","meta":{"_bbp_topic_count":0,"_bbp_reply_count":0,"_bbp_total_topic_count":0,"_bbp_total_reply_count":0,"_bbp_voice_count":0,"_bbp_anonymous_reply_count":0,"_bbp_topic_count_hidden":0,"_bbp_reply_count_hidden":0,"_bbp_forum_subforum_count":0,"footnotes":""},"categories":[5],"tags":[339,40,264],"class_list":["post-7904","post","type-post","status-publish","format-standard","has-post-thumbnail","hentry","category-eso-2","tag-curs-2022-2023","tag-teatre","tag-tutoria"],"post_mailing_queue_ids":[],"_links":{"self":[{"href":"https:\/\/agora.xtec.cat\/iesdecelra\/wp-json\/wp\/v2\/posts\/7904","targetHints":{"allow":["GET"]}}],"collection":[{"href":"https:\/\/agora.xtec.cat\/iesdecelra\/wp-json\/wp\/v2\/posts"}],"about":[{"href":"https:\/\/agora.xtec.cat\/iesdecelra\/wp-json\/wp\/v2\/types\/post"}],"author":[{"embeddable":true,"href":"https:\/\/agora.xtec.cat\/iesdecelra\/wp-json\/wp\/v2\/users\/1"}],"replies":[{"embeddable":true,"href":"https:\/\/agora.xtec.cat\/iesdecelra\/wp-json\/wp\/v2\/comments?post=7904"}],"version-history":[{"count":3,"href":"https:\/\/agora.xtec.cat\/iesdecelra\/wp-json\/wp\/v2\/posts\/7904\/revisions"}],"predecessor-version":[{"id":7991,"href":"https:\/\/agora.xtec.cat\/iesdecelra\/wp-json\/wp\/v2\/posts\/7904\/revisions\/7991"}],"wp:featuredmedia":[{"embeddable":true,"href":"https:\/\/agora.xtec.cat\/iesdecelra\/wp-json\/wp\/v2\/media\/7989"}],"wp:attachment":[{"href":"https:\/\/agora.xtec.cat\/iesdecelra\/wp-json\/wp\/v2\/media?parent=7904"}],"wp:term":[{"taxonomy":"category","embeddable":true,"href":"https:\/\/agora.xtec.cat\/iesdecelra\/wp-json\/wp\/v2\/categories?post=7904"},{"taxonomy":"post_tag","embeddable":true,"href":"https:\/\/agora.xtec.cat\/iesdecelra\/wp-json\/wp\/v2\/tags?post=7904"}],"curies":[{"name":"wp","href":"https:\/\/api.w.org\/{rel}","templated":true}]}}