{"id":7893,"date":"2023-02-03T11:54:29","date_gmt":"2023-02-03T10:54:29","guid":{"rendered":"https:\/\/agora.xtec.cat\/iesdecelra\/?p=7893"},"modified":"2023-02-03T18:16:22","modified_gmt":"2023-02-03T17:16:22","slug":"job-shadowing-a-nantes","status":"publish","type":"post","link":"https:\/\/agora.xtec.cat\/iesdecelra\/projectes-de-centre\/european-projects\/job-shadowing-a-nantes\/","title":{"rendered":"JOB SHADOWING A NANTES"},"content":{"rendered":"<p>La setmana del 16 al 22 de gener els professors de l&#8217;Institut de Celr\u00e0 Pau Pag\u00e8s i No\u00e8lia\u00a0Aparisi\u00a0van anar d&#8217;estada job shadowing\u00a0d&#8217;Erasmus+ a Nantes, al Lyc\u00e9e\u00a0enseignements\u00a0g\u00e9n\u00e9ral\u00a0technologique\u00a0et\u00a0professionnel\u00a0de Rez\u00e9, per tal de desenvolupar els objectius del nostre programa com a centres Erasmus+ acreditats: la inclusi\u00f3, la sostenibilitat, digitalitzaci\u00f3 i programes europeus.<\/p>\n<p>L&#8217;estada va ser tot un \u00e8xit, amb un intercanvi d&#8217;experi\u00e8ncies enriquidores que poden facilitar la mobilitat del nostre alumnat al proper curs 2023-24. Els materials did\u00e0ctics de l&#8217;aula inclusiva, els tallers de productes sostenibles, la pres\u00e8ncia d&#8217;animals al pati de l&#8217;escola (xais i abelles),\u00a0i la reflexi\u00f3 al voltant de com millorar l&#8217;efici\u00e8ncia energ\u00e8tica dels edificis del futur s\u00f3n algunes de\u00a0les accions observades i projectes que s&#8217;han portat a terme.<\/p>\n<p>Properament,\u00a0tindr\u00e0 lloc al mes de maig una trobada al nostre institut entre els alumnes del nostre Escamot Verd i el club d&#8217;Ecodelegats\u00a0de l&#8217;institut de Rez\u00e9 per\u00a0continuar\u00a0treballant amb actuacions emmarcades dintre de l&#8217;educaci\u00f3 inclusiva i que pretenen assolir la sensibilitzaci\u00f3 en el desenvolupament sostenible a trav\u00e9s d&#8217;eines de\u00a0digitalitzaci\u00f3\u00a0i la participaci\u00f3 de projectes europeus.<\/p>\n<p>L&#8217;institut franc\u00e8s tamb\u00e9 s&#8217;ha fet ress\u00f3 de la trobada a la seva p\u00e0gina web:\u00a0<a href=\"https:\/\/perrin-goussier.paysdelaloire.e-lyco.fr\/lycee-jean-perrin\/ouverture-internationale-perrin\/visite-de-nos-partenaires-de-gerone\/\" target=\"_blank\" rel=\"noopener\" data-saferedirecturl=\"https:\/\/www.google.com\/url?q=https:\/\/perrin-goussier.paysdelaloire.e-lyco.fr\/lycee-jean-perrin\/ouverture-internationale-perrin\/visite-de-nos-partenaires-de-gerone\/&amp;source=gmail&amp;ust=1675502414486000&amp;usg=AOvVaw38q0itMg3uM_kquL3_r2gH\">https:\/\/perrin-goussier.paysdelaloire.e-lyco.fr\/lycee-jean-perrin\/ouverture-internationale-perrin\/visite-de-nos-partenaires-de-gerone\/<\/a><\/p>\n\r\n\t<div class=\"slideshow_container slideshow_container_style-light\" style=\"height: 500px; \" data-slideshow-id=\"7907\" data-style-name=\"style-light\" data-style-version=\"2.3.1\" >\r\n\r\n\t\t\t\t\t<div class=\"slideshow_loading_icon\"><\/div>\r\n\t\t\r\n\t\t<div class=\"slideshow_content\" style=\"display: none;\">\r\n\r\n\t\t\t<div class=\"slideshow_view\">\r\n\t\t\t\t<div class=\"slideshow_slide slideshow_slide_image\">\r\n\t\t\t\t\t\t\t\t\t\t\t<img src=\"https:\/\/agora.xtec.cat\/iesdecelra\/wp-content\/uploads\/usu1789\/2023\/02\/Licee-.png\" alt=\"Lic\u00e9e\" width=\"835\" height=\"514\" \/>\r\n\t\t\t\t\t\t\t\t\t\t<div class=\"slideshow_description_box slideshow_transparent\">\r\n\t\t\t\t\t\t<div class=\"slideshow_title\">Lic\u00e9e<\/div>\t\t\t\t\t\t\t\t\t\t\t<\/div>\r\n\t\t\t\t<\/div>\r\n\r\n\t\t\t\t\t\t<div style=\"clear: both;\"><\/div><\/div><div class=\"slideshow_view\">\r\n\t\t\t\t<div class=\"slideshow_slide slideshow_slide_image\">\r\n\t\t\t\t\t\t\t\t\t\t\t<img src=\"https:\/\/agora.xtec.cat\/iesdecelra\/wp-content\/uploads\/usu1789\/2023\/02\/IMG-20230117-WA0001.jpg\" alt=\"IMG-20230117-WA0001\" width=\"1600\" height=\"1200\" \/>\r\n\t\t\t\t\t\t\t\t\t\t<div class=\"slideshow_description_box slideshow_transparent\">\r\n\t\t\t\t\t\t<div class=\"slideshow_title\">IMG-20230117-WA0001<\/div>\t\t\t\t\t\t\t\t\t\t\t<\/div>\r\n\t\t\t\t<\/div>\r\n\r\n\t\t\t\t\t\t<div style=\"clear: both;\"><\/div><\/div><div class=\"slideshow_view\">\r\n\t\t\t\t<div class=\"slideshow_slide slideshow_slide_image\">\r\n\t\t\t\t\t\t\t\t\t\t\t<img src=\"https:\/\/agora.xtec.cat\/iesdecelra\/wp-content\/uploads\/usu1789\/2023\/02\/IMG-20230117-WA0003.jpg\" alt=\"IMG-20230117-WA0003\" width=\"1200\" height=\"1600\" \/>\r\n\t\t\t\t\t\t\t\t\t\t<div class=\"slideshow_description_box slideshow_transparent\">\r\n\t\t\t\t\t\t<div class=\"slideshow_title\">IMG-20230117-WA0003<\/div>\t\t\t\t\t\t\t\t\t\t\t<\/div>\r\n\t\t\t\t<\/div>\r\n\r\n\t\t\t\t\t\t<div style=\"clear: both;\"><\/div><\/div><div class=\"slideshow_view\">\r\n\t\t\t\t<div class=\"slideshow_slide slideshow_slide_image\">\r\n\t\t\t\t\t\t\t\t\t\t\t<img src=\"https:\/\/agora.xtec.cat\/iesdecelra\/wp-content\/uploads\/usu1789\/2023\/02\/IMG-20230120-WA0009.jpg\" alt=\"IMG-20230120-WA0009\" width=\"1600\" height=\"1200\" \/>\r\n\t\t\t\t\t\t\t\t\t\t<div class=\"slideshow_description_box slideshow_transparent\">\r\n\t\t\t\t\t\t<div class=\"slideshow_title\">IMG-20230120-WA0009<\/div>\t\t\t\t\t\t\t\t\t\t\t<\/div>\r\n\t\t\t\t<\/div>\r\n\r\n\t\t\t\t\t\t<div style=\"clear: both;\"><\/div><\/div><div class=\"slideshow_view\">\r\n\t\t\t\t<div class=\"slideshow_slide slideshow_slide_image\">\r\n\t\t\t\t\t\t\t\t\t\t\t<img src=\"https:\/\/agora.xtec.cat\/iesdecelra\/wp-content\/uploads\/usu1789\/2023\/02\/IMG-20230116-WA0006.jpg\" alt=\"IMG-20230116-WA0006\" width=\"1200\" height=\"1600\" \/>\r\n\t\t\t\t\t\t\t\t\t\t<div class=\"slideshow_description_box slideshow_transparent\">\r\n\t\t\t\t\t\t<div class=\"slideshow_title\">IMG-20230116-WA0006<\/div>\t\t\t\t\t\t\t\t\t\t\t<\/div>\r\n\t\t\t\t<\/div>\r\n\r\n\t\t\t\t\t\t<div style=\"clear: both;\"><\/div><\/div><div class=\"slideshow_view\">\r\n\t\t\t\t<div class=\"slideshow_slide slideshow_slide_image\">\r\n\t\t\t\t\t\t\t\t\t\t\t<img src=\"https:\/\/agora.xtec.cat\/iesdecelra\/wp-content\/uploads\/usu1789\/2023\/02\/20230117_203829.jpg\" alt=\"20230117_203829\" width=\"951\" height=\"713\" \/>\r\n\t\t\t\t\t\t\t\t\t\t<div class=\"slideshow_description_box slideshow_transparent\">\r\n\t\t\t\t\t\t<div class=\"slideshow_title\">20230117_203829<\/div>\t\t\t\t\t\t\t\t\t\t\t<\/div>\r\n\t\t\t\t<\/div>\r\n\r\n\t\t\t\t\t\t<div style=\"clear: both;\"><\/div><\/div>\r\n\t\t<\/div>\r\n\r\n\t\t<div class=\"slideshow_controlPanel slideshow_transparent\" style=\"display: none;\"><ul><li class=\"slideshow_togglePlay\" data-play-text=\"Visualitza\" data-pause-text=\"Pausa\"><\/li><\/ul><\/div>\r\n\r\n\t\t<div class=\"slideshow_button slideshow_previous slideshow_transparent\" role=\"button\" data-previous-text=\"Anterior\" style=\"display: none;\"><\/div>\r\n\t\t<div class=\"slideshow_button slideshow_next slideshow_transparent\" role=\"button\" data-next-text=\"Seg\u00fcent\" style=\"display: none;\"><\/div>\r\n\r\n\t\t<div class=\"slideshow_pagination\" style=\"display: none;\" data-go-to-text=\"V\u00e9s a la diapositiva\"><div class=\"slideshow_pagination_center\"><\/div><\/div>\r\n\r\n\t\t<!-- WordPress Slideshow Version 2.3.1 -->\r\n\r\n\t\t\t<\/div>\r\n\r\n\n","protected":false},"excerpt":{"rendered":"<p>La setmana del 16 al 22 de gener els professors de l&#8217;Institut de Celr\u00e0 Pau Pag\u00e8s i No\u00e8lia\u00a0Aparisi\u00a0van anar d&#8217;estada job shadowing\u00a0d&#8217;Erasmus+ a Nantes, al Lyc\u00e9e\u00a0enseignements\u00a0g\u00e9n\u00e9ral\u00a0technologique\u00a0et\u00a0professionnel\u00a0de Rez\u00e9, per tal de desenvolupar els objectius del nostre programa com a centres Erasmus+ acreditats: la inclusi\u00f3, la sostenibilitat,&hellip;  <a href=\"https:\/\/agora.xtec.cat\/iesdecelra\/projectes-de-centre\/european-projects\/job-shadowing-a-nantes\/\" title=\"Read JOB SHADOWING A NANTES\">Llegeix m\u00e9s\u00bb<\/a><\/p>\n","protected":false},"author":1,"featured_media":7896,"comment_status":"open","ping_status":"closed","sticky":false,"template":"","format":"standard","meta":{"_bbp_topic_count":0,"_bbp_reply_count":0,"_bbp_total_topic_count":0,"_bbp_total_reply_count":0,"_bbp_voice_count":0,"_bbp_anonymous_reply_count":0,"_bbp_topic_count_hidden":0,"_bbp_reply_count_hidden":0,"_bbp_forum_subforum_count":0,"footnotes":""},"categories":[342,156],"tags":[339,245],"class_list":["post-7893","post","type-post","status-publish","format-standard","has-post-thumbnail","hentry","category-erasmus","category-european-projects","tag-curs-2022-2023","tag-erasmus"],"post_mailing_queue_ids":[],"_links":{"self":[{"href":"https:\/\/agora.xtec.cat\/iesdecelra\/wp-json\/wp\/v2\/posts\/7893","targetHints":{"allow":["GET"]}}],"collection":[{"href":"https:\/\/agora.xtec.cat\/iesdecelra\/wp-json\/wp\/v2\/posts"}],"about":[{"href":"https:\/\/agora.xtec.cat\/iesdecelra\/wp-json\/wp\/v2\/types\/post"}],"author":[{"embeddable":true,"href":"https:\/\/agora.xtec.cat\/iesdecelra\/wp-json\/wp\/v2\/users\/1"}],"replies":[{"embeddable":true,"href":"https:\/\/agora.xtec.cat\/iesdecelra\/wp-json\/wp\/v2\/comments?post=7893"}],"version-history":[{"count":3,"href":"https:\/\/agora.xtec.cat\/iesdecelra\/wp-json\/wp\/v2\/posts\/7893\/revisions"}],"predecessor-version":[{"id":7954,"href":"https:\/\/agora.xtec.cat\/iesdecelra\/wp-json\/wp\/v2\/posts\/7893\/revisions\/7954"}],"wp:featuredmedia":[{"embeddable":true,"href":"https:\/\/agora.xtec.cat\/iesdecelra\/wp-json\/wp\/v2\/media\/7896"}],"wp:attachment":[{"href":"https:\/\/agora.xtec.cat\/iesdecelra\/wp-json\/wp\/v2\/media?parent=7893"}],"wp:term":[{"taxonomy":"category","embeddable":true,"href":"https:\/\/agora.xtec.cat\/iesdecelra\/wp-json\/wp\/v2\/categories?post=7893"},{"taxonomy":"post_tag","embeddable":true,"href":"https:\/\/agora.xtec.cat\/iesdecelra\/wp-json\/wp\/v2\/tags?post=7893"}],"curies":[{"name":"wp","href":"https:\/\/api.w.org\/{rel}","templated":true}]}}