{"id":7769,"date":"2023-01-24T08:15:50","date_gmt":"2023-01-24T07:15:50","guid":{"rendered":"https:\/\/agora.xtec.cat\/iesdecelra\/?p=7769"},"modified":"2023-01-23T22:35:32","modified_gmt":"2023-01-23T21:35:32","slug":"preparem-uap23-poder","status":"publish","type":"post","link":"https:\/\/agora.xtec.cat\/iesdecelra\/cursos\/eso\/eso-1\/preparem-uap23-poder\/","title":{"rendered":"PREPAREM UAP23 PODER"},"content":{"rendered":"<p>Un any m\u00e9s estem preparant la cantata <em>UAP23 PODER<\/em> amb alumnes de 1r d&#8217;ESO que estan participant en els assajos, 25 gener i 7 febrer, i tamb\u00e9 seran actors i cantants de la funci\u00f3. El dia 9 de febrer tots els alumnes de 1r anirem a veure la funci\u00f3. El dissabte 11 de febrer a les 5 de la tarda fem la sessi\u00f3 oberta a les fam\u00edlies, amb entrada anticipada.<\/p>\n<p>La UAP fa 15 anys que treballa per difondre els valors de la pau a trav\u00e9s de la m\u00fasica i el teatre en els instituts de les comarques gironines. L\u2019espectacle d\u2019aquest any, presenta tres hist\u00f2ries independents per\u00f2 relacionades entre si, que tracten diferents perspectives de la idea de poder, des de la dominaci\u00f3 del poder religi\u00f3s, militar o pol\u00edtic, fins al poder dels joves per canviar l\u2019ordre establert del m\u00f3n.<\/p>\n<p><img loading=\"lazy\" decoding=\"async\" class=\"aligncenter size-full wp-image-7810\" src=\"https:\/\/agora.xtec.cat\/iesdecelra\/wp-content\/uploads\/usu1789\/2023\/01\/Poster-UAP23.jpg\" alt=\"\" width=\"1217\" height=\"1722\" srcset=\"https:\/\/agora.xtec.cat\/iesdecelra\/wp-content\/uploads\/usu1789\/2023\/01\/Poster-UAP23.jpg 1217w, https:\/\/agora.xtec.cat\/iesdecelra\/wp-content\/uploads\/usu1789\/2023\/01\/Poster-UAP23-212x300.jpg 212w, https:\/\/agora.xtec.cat\/iesdecelra\/wp-content\/uploads\/usu1789\/2023\/01\/Poster-UAP23-724x1024.jpg 724w, https:\/\/agora.xtec.cat\/iesdecelra\/wp-content\/uploads\/usu1789\/2023\/01\/Poster-UAP23-768x1087.jpg 768w, https:\/\/agora.xtec.cat\/iesdecelra\/wp-content\/uploads\/usu1789\/2023\/01\/Poster-UAP23-1086x1536.jpg 1086w\" sizes=\"auto, (max-width: 1217px) 100vw, 1217px\" \/><\/p>\n","protected":false},"excerpt":{"rendered":"<p>Un any m\u00e9s estem preparant la cantata UAP23 PODER amb alumnes de 1r d&#8217;ESO que estan participant en els assajos, 25 gener i 7 febrer, i tamb\u00e9 seran actors i cantants de la funci\u00f3. El dia 9 de febrer tots els alumnes de 1r anirem&hellip;  <a href=\"https:\/\/agora.xtec.cat\/iesdecelra\/cursos\/eso\/eso-1\/preparem-uap23-poder\/\" title=\"Read PREPAREM UAP23 PODER\">Llegeix m\u00e9s\u00bb<\/a><\/p>\n","protected":false},"author":1,"featured_media":7810,"comment_status":"open","ping_status":"closed","sticky":false,"template":"","format":"standard","meta":{"_bbp_topic_count":0,"_bbp_reply_count":0,"_bbp_total_topic_count":0,"_bbp_total_reply_count":0,"_bbp_voice_count":0,"_bbp_anonymous_reply_count":0,"_bbp_topic_count_hidden":0,"_bbp_reply_count_hidden":0,"_bbp_forum_subforum_count":0,"footnotes":""},"categories":[4],"tags":[120,339,165],"class_list":["post-7769","post","type-post","status-publish","format-standard","has-post-thumbnail","hentry","category-eso-1","tag-1r-deso","tag-curs-2022-2023","tag-musica"],"post_mailing_queue_ids":[],"_links":{"self":[{"href":"https:\/\/agora.xtec.cat\/iesdecelra\/wp-json\/wp\/v2\/posts\/7769","targetHints":{"allow":["GET"]}}],"collection":[{"href":"https:\/\/agora.xtec.cat\/iesdecelra\/wp-json\/wp\/v2\/posts"}],"about":[{"href":"https:\/\/agora.xtec.cat\/iesdecelra\/wp-json\/wp\/v2\/types\/post"}],"author":[{"embeddable":true,"href":"https:\/\/agora.xtec.cat\/iesdecelra\/wp-json\/wp\/v2\/users\/1"}],"replies":[{"embeddable":true,"href":"https:\/\/agora.xtec.cat\/iesdecelra\/wp-json\/wp\/v2\/comments?post=7769"}],"version-history":[{"count":3,"href":"https:\/\/agora.xtec.cat\/iesdecelra\/wp-json\/wp\/v2\/posts\/7769\/revisions"}],"predecessor-version":[{"id":7819,"href":"https:\/\/agora.xtec.cat\/iesdecelra\/wp-json\/wp\/v2\/posts\/7769\/revisions\/7819"}],"wp:featuredmedia":[{"embeddable":true,"href":"https:\/\/agora.xtec.cat\/iesdecelra\/wp-json\/wp\/v2\/media\/7810"}],"wp:attachment":[{"href":"https:\/\/agora.xtec.cat\/iesdecelra\/wp-json\/wp\/v2\/media?parent=7769"}],"wp:term":[{"taxonomy":"category","embeddable":true,"href":"https:\/\/agora.xtec.cat\/iesdecelra\/wp-json\/wp\/v2\/categories?post=7769"},{"taxonomy":"post_tag","embeddable":true,"href":"https:\/\/agora.xtec.cat\/iesdecelra\/wp-json\/wp\/v2\/tags?post=7769"}],"curies":[{"name":"wp","href":"https:\/\/api.w.org\/{rel}","templated":true}]}}