{"id":7648,"date":"2023-01-11T19:55:48","date_gmt":"2023-01-11T18:55:48","guid":{"rendered":"https:\/\/agora.xtec.cat\/iesdecelra\/?p=7648"},"modified":"2023-01-11T19:57:13","modified_gmt":"2023-01-11T18:57:13","slug":"xerrada-literaria","status":"publish","type":"post","link":"https:\/\/agora.xtec.cat\/iesdecelra\/cursos\/eso\/eso-3\/xerrada-literaria\/","title":{"rendered":"XERRADA LITER\u00c0RIA"},"content":{"rendered":"<p>El divendres 16 de desembre, a l&#8217;Ateneu de Celr\u00e0, es va fer una tert\u00falia liter\u00e0ria amb en Pau Joan Hern\u00e0ndez, autor de L&#8217;ombra del Stuka; hi van assistir els alumnes de 3r d&#8217;ESO.<\/p>\n<p>Despr\u00e9s d&#8217;una breu pinzellada sobre el polifac\u00e8tic escriptor (professor universitari, escriptor, traductor, etc) feta pel presentador de l&#8217;acte, l&#8217;autor va comen\u00e7ar la seva intervenci\u00f3 transportant-nos fins a Omaha Beach, un indret molt important per al desenvolupament de la II Guerra Mundial.<\/p>\n<p>I, de mica en mica, amb les preguntes dels alumnes l&#8217;autor va anar aclarint diversos aspectes del llibre. Al final de la sessi\u00f3, alguns alumnes van poder parlar amb en Pau Joan, el qual els va signar els seus llibres.<br \/>\nUna experi\u00e8ncia sempre gratificant per a alumnes i escriptor.<\/p>\n<p><img loading=\"lazy\" decoding=\"async\" class=\"aligncenter wp-image-7650 size-full\" src=\"https:\/\/agora.xtec.cat\/iesdecelra\/wp-content\/uploads\/usu1789\/2022\/12\/xerrada-literaria-sobre-Lombra-del-Stuka-de-Pau-Joan-Hernandez-foto-3r.jpg\" alt=\"\" width=\"1519\" height=\"1379\" srcset=\"https:\/\/agora.xtec.cat\/iesdecelra\/wp-content\/uploads\/usu1789\/2022\/12\/xerrada-literaria-sobre-Lombra-del-Stuka-de-Pau-Joan-Hernandez-foto-3r.jpg 1519w, https:\/\/agora.xtec.cat\/iesdecelra\/wp-content\/uploads\/usu1789\/2022\/12\/xerrada-literaria-sobre-Lombra-del-Stuka-de-Pau-Joan-Hernandez-foto-3r-300x272.jpg 300w, https:\/\/agora.xtec.cat\/iesdecelra\/wp-content\/uploads\/usu1789\/2022\/12\/xerrada-literaria-sobre-Lombra-del-Stuka-de-Pau-Joan-Hernandez-foto-3r-1024x930.jpg 1024w, https:\/\/agora.xtec.cat\/iesdecelra\/wp-content\/uploads\/usu1789\/2022\/12\/xerrada-literaria-sobre-Lombra-del-Stuka-de-Pau-Joan-Hernandez-foto-3r-768x697.jpg 768w\" sizes=\"auto, (max-width: 1519px) 100vw, 1519px\" \/><\/p>\n","protected":false},"excerpt":{"rendered":"<p>El divendres 16 de desembre, a l&#8217;Ateneu de Celr\u00e0, es va fer una tert\u00falia liter\u00e0ria amb en Pau Joan Hern\u00e0ndez, autor de L&#8217;ombra del Stuka; hi van assistir els alumnes de 3r d&#8217;ESO.<br \/>\nDespr\u00e9s d&#8217;una breu pinzellada sobre el polifac\u00e8tic escriptor (professor universitari, escriptor, traductor, etc)&hellip;  <a href=\"https:\/\/agora.xtec.cat\/iesdecelra\/cursos\/eso\/eso-3\/xerrada-literaria\/\" title=\"Read XERRADA LITER\u00c0RIA\">Llegeix m\u00e9s\u00bb<\/a><\/p>\n","protected":false},"author":1,"featured_media":7650,"comment_status":"open","ping_status":"closed","sticky":false,"template":"","format":"standard","meta":{"_bbp_topic_count":0,"_bbp_reply_count":0,"_bbp_total_topic_count":0,"_bbp_total_reply_count":0,"_bbp_voice_count":0,"_bbp_anonymous_reply_count":0,"_bbp_topic_count_hidden":0,"_bbp_reply_count_hidden":0,"_bbp_forum_subforum_count":0,"footnotes":""},"categories":[103,6],"tags":[339,166,177],"class_list":["post-7648","post","type-post","status-publish","format-standard","has-post-thumbnail","hentry","category-actualitat","category-eso-3","tag-curs-2022-2023","tag-departament-de-catala","tag-xerrada"],"post_mailing_queue_ids":[],"_links":{"self":[{"href":"https:\/\/agora.xtec.cat\/iesdecelra\/wp-json\/wp\/v2\/posts\/7648","targetHints":{"allow":["GET"]}}],"collection":[{"href":"https:\/\/agora.xtec.cat\/iesdecelra\/wp-json\/wp\/v2\/posts"}],"about":[{"href":"https:\/\/agora.xtec.cat\/iesdecelra\/wp-json\/wp\/v2\/types\/post"}],"author":[{"embeddable":true,"href":"https:\/\/agora.xtec.cat\/iesdecelra\/wp-json\/wp\/v2\/users\/1"}],"replies":[{"embeddable":true,"href":"https:\/\/agora.xtec.cat\/iesdecelra\/wp-json\/wp\/v2\/comments?post=7648"}],"version-history":[{"count":4,"href":"https:\/\/agora.xtec.cat\/iesdecelra\/wp-json\/wp\/v2\/posts\/7648\/revisions"}],"predecessor-version":[{"id":9013,"href":"https:\/\/agora.xtec.cat\/iesdecelra\/wp-json\/wp\/v2\/posts\/7648\/revisions\/9013"}],"wp:featuredmedia":[{"embeddable":true,"href":"https:\/\/agora.xtec.cat\/iesdecelra\/wp-json\/wp\/v2\/media\/7650"}],"wp:attachment":[{"href":"https:\/\/agora.xtec.cat\/iesdecelra\/wp-json\/wp\/v2\/media?parent=7648"}],"wp:term":[{"taxonomy":"category","embeddable":true,"href":"https:\/\/agora.xtec.cat\/iesdecelra\/wp-json\/wp\/v2\/categories?post=7648"},{"taxonomy":"post_tag","embeddable":true,"href":"https:\/\/agora.xtec.cat\/iesdecelra\/wp-json\/wp\/v2\/tags?post=7648"}],"curies":[{"name":"wp","href":"https:\/\/api.w.org\/{rel}","templated":true}]}}