{"id":7642,"date":"2022-12-24T09:00:24","date_gmt":"2022-12-24T08:00:24","guid":{"rendered":"https:\/\/agora.xtec.cat\/iesdecelra\/?p=7642"},"modified":"2022-12-25T07:35:10","modified_gmt":"2022-12-25T06:35:10","slug":"taller-gestio-emocional","status":"publish","type":"post","link":"https:\/\/agora.xtec.cat\/iesdecelra\/cursos\/batxillerat\/taller-gestio-emocional\/","title":{"rendered":"TALLER GESTI\u00d3 EMOCIONAL"},"content":{"rendered":"<div>\n<p>La setmana passada es va portar a terme el taller &#8220;Eines per a la gesti\u00f3 de l&#8217;estr\u00e8s&#8221; a tots els grups de batxillerat. El va impartir la psic\u00f2loga Eva Gasull i va ser un taller de dues hores de durada en el que es va donar lloc a qu\u00e8 cada alumne pogu\u00e9s recon\u00e8ixer com l&#8217;afectava\u00a0la pressi\u00f3 pr\u00f2pia d&#8217;aquesta etapa educativa i fos capa\u00e7 d&#8217;identificar les eines que li podrien servir per gestionar-la.<\/p>\n<p>La valoraci\u00f3 per part de l&#8217;alumnat i del professorat que hi va assistir acompanyant-los ha estat molt bona.<\/p>\n<div>\n<p>Esperem que ho puguin portar a la pr\u00e0ctica quan ho necessitin!<\/p>\n<\/div>\n<p><a href=\"https:\/\/agora.xtec.cat\/iesdecelra\/wp-content\/uploads\/usu1789\/2022\/12\/IMG-1071-scaled.jpg\"><img loading=\"lazy\" decoding=\"async\" class=\"wp-image-7645 alignleft\" src=\"https:\/\/agora.xtec.cat\/iesdecelra\/wp-content\/uploads\/usu1789\/2022\/12\/IMG-1071-1024x768.jpg\" alt=\"\" width=\"684\" height=\"513\" srcset=\"https:\/\/agora.xtec.cat\/iesdecelra\/wp-content\/uploads\/usu1789\/2022\/12\/IMG-1071-1024x768.jpg 1024w, https:\/\/agora.xtec.cat\/iesdecelra\/wp-content\/uploads\/usu1789\/2022\/12\/IMG-1071-300x225.jpg 300w, https:\/\/agora.xtec.cat\/iesdecelra\/wp-content\/uploads\/usu1789\/2022\/12\/IMG-1071-768x576.jpg 768w, https:\/\/agora.xtec.cat\/iesdecelra\/wp-content\/uploads\/usu1789\/2022\/12\/IMG-1071-1536x1152.jpg 1536w, https:\/\/agora.xtec.cat\/iesdecelra\/wp-content\/uploads\/usu1789\/2022\/12\/IMG-1071-2048x1536.jpg 2048w, https:\/\/agora.xtec.cat\/iesdecelra\/wp-content\/uploads\/usu1789\/2022\/12\/IMG-1071-200x150.jpg 200w\" sizes=\"auto, (max-width: 684px) 100vw, 684px\" \/><\/a><\/p>\n<\/div>\n","protected":false},"excerpt":{"rendered":"<p>La setmana passada es va portar a terme el taller &#8220;Eines per a la gesti\u00f3 de l&#8217;estr\u00e8s&#8221; a tots els grups de batxillerat. El va impartir la psic\u00f2loga Eva Gasull i va ser un taller de dues hores de durada en el que es va&hellip;  <a href=\"https:\/\/agora.xtec.cat\/iesdecelra\/cursos\/batxillerat\/taller-gestio-emocional\/\" title=\"Read TALLER GESTI\u00d3 EMOCIONAL\">Llegeix m\u00e9s\u00bb<\/a><\/p>\n","protected":false},"author":1,"featured_media":7643,"comment_status":"closed","ping_status":"closed","sticky":false,"template":"","format":"standard","meta":{"_bbp_topic_count":0,"_bbp_reply_count":0,"_bbp_total_topic_count":0,"_bbp_total_reply_count":0,"_bbp_voice_count":0,"_bbp_anonymous_reply_count":0,"_bbp_topic_count_hidden":0,"_bbp_reply_count_hidden":0,"_bbp_forum_subforum_count":0,"footnotes":""},"categories":[103,8],"tags":[115,339,202],"class_list":["post-7642","post","type-post","status-publish","format-standard","has-post-thumbnail","hentry","category-actualitat","category-batxillerat","tag-batxillerat","tag-curs-2022-2023","tag-orientacio"],"post_mailing_queue_ids":[],"_links":{"self":[{"href":"https:\/\/agora.xtec.cat\/iesdecelra\/wp-json\/wp\/v2\/posts\/7642","targetHints":{"allow":["GET"]}}],"collection":[{"href":"https:\/\/agora.xtec.cat\/iesdecelra\/wp-json\/wp\/v2\/posts"}],"about":[{"href":"https:\/\/agora.xtec.cat\/iesdecelra\/wp-json\/wp\/v2\/types\/post"}],"author":[{"embeddable":true,"href":"https:\/\/agora.xtec.cat\/iesdecelra\/wp-json\/wp\/v2\/users\/1"}],"replies":[{"embeddable":true,"href":"https:\/\/agora.xtec.cat\/iesdecelra\/wp-json\/wp\/v2\/comments?post=7642"}],"version-history":[{"count":3,"href":"https:\/\/agora.xtec.cat\/iesdecelra\/wp-json\/wp\/v2\/posts\/7642\/revisions"}],"predecessor-version":[{"id":7685,"href":"https:\/\/agora.xtec.cat\/iesdecelra\/wp-json\/wp\/v2\/posts\/7642\/revisions\/7685"}],"wp:featuredmedia":[{"embeddable":true,"href":"https:\/\/agora.xtec.cat\/iesdecelra\/wp-json\/wp\/v2\/media\/7643"}],"wp:attachment":[{"href":"https:\/\/agora.xtec.cat\/iesdecelra\/wp-json\/wp\/v2\/media?parent=7642"}],"wp:term":[{"taxonomy":"category","embeddable":true,"href":"https:\/\/agora.xtec.cat\/iesdecelra\/wp-json\/wp\/v2\/categories?post=7642"},{"taxonomy":"post_tag","embeddable":true,"href":"https:\/\/agora.xtec.cat\/iesdecelra\/wp-json\/wp\/v2\/tags?post=7642"}],"curies":[{"name":"wp","href":"https:\/\/api.w.org\/{rel}","templated":true}]}}