{"id":7620,"date":"2022-12-21T10:19:54","date_gmt":"2022-12-21T09:19:54","guid":{"rendered":"https:\/\/agora.xtec.cat\/iesdecelra\/?p=7620"},"modified":"2022-12-21T10:21:28","modified_gmt":"2022-12-21T09:21:28","slug":"christmas-cards","status":"publish","type":"post","link":"https:\/\/agora.xtec.cat\/iesdecelra\/cursos\/eso\/eso-2\/christmas-cards\/","title":{"rendered":"CHRISTMAS CARDS"},"content":{"rendered":"<p>Els alumnes de 2n ESO han preparat unes postals nadalenques ben especials a les classes d&#8217;angl\u00e8s.  Amb creativitat, han plasmat per escrit els seus millors desitjos per aquestes festes. Gr\u00e0cies a la m\u00e0gia que caracteritza aquestes dates, han acabat rebent una postal elaborada per algun company de nivell.<\/p>\n<p>Que es compleixin tots els vostres desitjos.<br \/>\nMerry Christmas to you all! <\/p>\n<p><img loading=\"lazy\" decoding=\"async\" src=\"https:\/\/agora.xtec.cat\/iesdecelra\/wp-content\/uploads\/usu1789\/2022\/12\/Christmas2.png\" alt=\"\" width=\"1033\" height=\"645\" class=\"aligncenter size-full wp-image-7622\" srcset=\"https:\/\/agora.xtec.cat\/iesdecelra\/wp-content\/uploads\/usu1789\/2022\/12\/Christmas2.png 1033w, https:\/\/agora.xtec.cat\/iesdecelra\/wp-content\/uploads\/usu1789\/2022\/12\/Christmas2-300x187.png 300w, https:\/\/agora.xtec.cat\/iesdecelra\/wp-content\/uploads\/usu1789\/2022\/12\/Christmas2-1024x639.png 1024w, https:\/\/agora.xtec.cat\/iesdecelra\/wp-content\/uploads\/usu1789\/2022\/12\/Christmas2-768x480.png 768w\" sizes=\"auto, (max-width: 1033px) 100vw, 1033px\" \/><\/p>\n","protected":false},"excerpt":{"rendered":"<p>Els alumnes de 2n ESO han preparat unes postals nadalenques ben especials a les classes d&#8217;angl\u00e8s.  Amb creativitat, han plasmat per escrit els seus millors desitjos per aquestes festes. Gr\u00e0cies a la m\u00e0gia que caracteritza aquestes dates, han acabat rebent una postal elaborada per&hellip;  <a href=\"https:\/\/agora.xtec.cat\/iesdecelra\/cursos\/eso\/eso-2\/christmas-cards\/\" title=\"Read CHRISTMAS CARDS\">Llegeix m\u00e9s\u00bb<\/a><\/p>\n","protected":false},"author":1,"featured_media":7621,"comment_status":"open","ping_status":"closed","sticky":false,"template":"","format":"standard","meta":{"_bbp_topic_count":0,"_bbp_reply_count":0,"_bbp_total_topic_count":0,"_bbp_total_reply_count":0,"_bbp_voice_count":0,"_bbp_anonymous_reply_count":0,"_bbp_topic_count_hidden":0,"_bbp_reply_count_hidden":0,"_bbp_forum_subforum_count":0,"footnotes":""},"categories":[103,5],"tags":[339,293],"class_list":["post-7620","post","type-post","status-publish","format-standard","has-post-thumbnail","hentry","category-actualitat","category-eso-2","tag-curs-2022-2023","tag-departament-de-llengues-estrangeres"],"post_mailing_queue_ids":[],"_links":{"self":[{"href":"https:\/\/agora.xtec.cat\/iesdecelra\/wp-json\/wp\/v2\/posts\/7620","targetHints":{"allow":["GET"]}}],"collection":[{"href":"https:\/\/agora.xtec.cat\/iesdecelra\/wp-json\/wp\/v2\/posts"}],"about":[{"href":"https:\/\/agora.xtec.cat\/iesdecelra\/wp-json\/wp\/v2\/types\/post"}],"author":[{"embeddable":true,"href":"https:\/\/agora.xtec.cat\/iesdecelra\/wp-json\/wp\/v2\/users\/1"}],"replies":[{"embeddable":true,"href":"https:\/\/agora.xtec.cat\/iesdecelra\/wp-json\/wp\/v2\/comments?post=7620"}],"version-history":[{"count":4,"href":"https:\/\/agora.xtec.cat\/iesdecelra\/wp-json\/wp\/v2\/posts\/7620\/revisions"}],"predecessor-version":[{"id":7627,"href":"https:\/\/agora.xtec.cat\/iesdecelra\/wp-json\/wp\/v2\/posts\/7620\/revisions\/7627"}],"wp:featuredmedia":[{"embeddable":true,"href":"https:\/\/agora.xtec.cat\/iesdecelra\/wp-json\/wp\/v2\/media\/7621"}],"wp:attachment":[{"href":"https:\/\/agora.xtec.cat\/iesdecelra\/wp-json\/wp\/v2\/media?parent=7620"}],"wp:term":[{"taxonomy":"category","embeddable":true,"href":"https:\/\/agora.xtec.cat\/iesdecelra\/wp-json\/wp\/v2\/categories?post=7620"},{"taxonomy":"post_tag","embeddable":true,"href":"https:\/\/agora.xtec.cat\/iesdecelra\/wp-json\/wp\/v2\/tags?post=7620"}],"curies":[{"name":"wp","href":"https:\/\/api.w.org\/{rel}","templated":true}]}}