{"id":7595,"date":"2022-12-19T11:48:22","date_gmt":"2022-12-19T10:48:22","guid":{"rendered":"https:\/\/agora.xtec.cat\/iesdecelra\/?p=7595"},"modified":"2022-12-19T11:52:07","modified_gmt":"2022-12-19T10:52:07","slug":"setmana-del-19-de-desembre-de-2022","status":"publish","type":"post","link":"https:\/\/agora.xtec.cat\/iesdecelra\/general\/musica-de-la-setmana\/setmana-del-19-de-desembre-de-2022\/","title":{"rendered":"Setmana del 19 de desembre de 2022"},"content":{"rendered":"<p><em>\u00c9s Nadal (Na, na, na)<\/em>, d&#8217;Ox\u00edgen.<\/p>\n<p><iframe loading=\"lazy\" title=\"Oxigen - \u00c9s Nadal (na, na, na) (Videoclip Oficial)\" width=\"500\" height=\"281\" src=\"https:\/\/www.youtube.com\/embed\/8uhxWeetLwc?feature=oembed\" frameborder=\"0\" allow=\"accelerometer; autoplay; clipboard-write; encrypted-media; gyroscope; picture-in-picture; web-share\" referrerpolicy=\"strict-origin-when-cross-origin\" allowfullscreen><\/iframe><\/p>\n<p>Ox\u00edgen \u00e9s una banda formada per joves d&#8217;entre 15 i 17 anys de la prov\u00edncia de Girona. En Joan Matac\u00e0s, estudiant de 1r de batxillerat a l&#8217;Institut, n&#8217;\u00e9s el bateria!<\/p>\n","protected":false},"excerpt":{"rendered":"<p>\u00c9s Nadal (Na, na, na), d&#8217;Ox\u00edgen.<\/p>\n<p>Ox\u00edgen \u00e9s una banda formada per joves d&#8217;entre 15 i 17 anys de la prov\u00edncia de Girona. En Joan Matac\u00e0s, estudiant de 1r de batxillerat a l&#8217;Institut, n&#8217;\u00e9s el bateria!<\/p>\n","protected":false},"author":1,"featured_media":0,"comment_status":"open","ping_status":"closed","sticky":false,"template":"","format":"standard","meta":{"_bbp_topic_count":0,"_bbp_reply_count":0,"_bbp_total_topic_count":0,"_bbp_total_reply_count":0,"_bbp_voice_count":0,"_bbp_anonymous_reply_count":0,"_bbp_topic_count_hidden":0,"_bbp_reply_count_hidden":0,"_bbp_forum_subforum_count":0,"footnotes":""},"categories":[122],"tags":[339,123],"class_list":["post-7595","post","type-post","status-publish","format-standard","hentry","category-musica-de-la-setmana","tag-curs-2022-2023","tag-musica-de-la-setmana"],"post_mailing_queue_ids":[],"_links":{"self":[{"href":"https:\/\/agora.xtec.cat\/iesdecelra\/wp-json\/wp\/v2\/posts\/7595","targetHints":{"allow":["GET"]}}],"collection":[{"href":"https:\/\/agora.xtec.cat\/iesdecelra\/wp-json\/wp\/v2\/posts"}],"about":[{"href":"https:\/\/agora.xtec.cat\/iesdecelra\/wp-json\/wp\/v2\/types\/post"}],"author":[{"embeddable":true,"href":"https:\/\/agora.xtec.cat\/iesdecelra\/wp-json\/wp\/v2\/users\/1"}],"replies":[{"embeddable":true,"href":"https:\/\/agora.xtec.cat\/iesdecelra\/wp-json\/wp\/v2\/comments?post=7595"}],"version-history":[{"count":3,"href":"https:\/\/agora.xtec.cat\/iesdecelra\/wp-json\/wp\/v2\/posts\/7595\/revisions"}],"predecessor-version":[{"id":7600,"href":"https:\/\/agora.xtec.cat\/iesdecelra\/wp-json\/wp\/v2\/posts\/7595\/revisions\/7600"}],"wp:attachment":[{"href":"https:\/\/agora.xtec.cat\/iesdecelra\/wp-json\/wp\/v2\/media?parent=7595"}],"wp:term":[{"taxonomy":"category","embeddable":true,"href":"https:\/\/agora.xtec.cat\/iesdecelra\/wp-json\/wp\/v2\/categories?post=7595"},{"taxonomy":"post_tag","embeddable":true,"href":"https:\/\/agora.xtec.cat\/iesdecelra\/wp-json\/wp\/v2\/tags?post=7595"}],"curies":[{"name":"wp","href":"https:\/\/api.w.org\/{rel}","templated":true}]}}