{"id":7592,"date":"2023-01-02T09:00:18","date_gmt":"2023-01-02T08:00:18","guid":{"rendered":"https:\/\/agora.xtec.cat\/iesdecelra\/?p=7592"},"modified":"2022-12-28T13:03:58","modified_gmt":"2022-12-28T12:03:58","slug":"tallers-deducacio-financera","status":"publish","type":"post","link":"https:\/\/agora.xtec.cat\/iesdecelra\/general\/tallers-deducacio-financera\/","title":{"rendered":"TALLERS D&#8217;EDUCACI\u00d3 FINANCERA"},"content":{"rendered":"<p>El divendres 16 de desembre els alumnes de 4t d\u2019ESO de l\u2019optativa d\u2019Economia van participar en un dels tallers organitzats per l\u2019Institut d\u2019Estudis Financers, el Departament d\u2019Ensenyament, la Vicepresid\u00e8ncia d\u2019Economia i Hisenda de la Generalitat i diferents entitats financeres.<\/p>\n<p>L\u2019objectiu dels tallers \u00e9s formar als joves perqu\u00e8 prenguin decisions financeres amb coneixement, que tinguin millors compet\u00e8ncies per a poder gestionar i augmentar els estalvis i evitar episodis com l\u2019endeutament o l\u2019exclusi\u00f3 financera.<\/p>\n<p>Aquests tallers de formaci\u00f3 financera b\u00e0sica i pr\u00e0ctica, s\u00f3n portats a terme per treballadors del sector bancari-financer (voluntaris) amb material dissenyat exclusivament per a aquest programa.<\/p>\n<p>En concret, el taller on vam participar va ser: <b>\u201cAdministrant els teus diners\u201d.<\/b><\/p>\n<p>El mes de gener participarem en el taller: <b>\u201cFinances per a la vida\u201d.<\/b><\/p>\n<p>I el mes de febrer participarem en el taller: <b>\u201cEconomia circular\u201d.<\/b><\/p>\n\r\n\t<div class=\"slideshow_container slideshow_container_style-light\" style=\"height: 500px; \" data-slideshow-id=\"7588\" data-style-name=\"style-light\" data-style-version=\"2.3.1\" >\r\n\r\n\t\t\t\t\t<div class=\"slideshow_loading_icon\"><\/div>\r\n\t\t\r\n\t\t<div class=\"slideshow_content\" style=\"display: none;\">\r\n\r\n\t\t\t<div class=\"slideshow_view\">\r\n\t\t\t\t<div class=\"slideshow_slide slideshow_slide_image\">\r\n\t\t\t\t\t\t\t\t\t\t\t<img src=\"https:\/\/agora.xtec.cat\/iesdecelra\/wp-content\/uploads\/usu1789\/2022\/12\/Opt-Economia-4t-3-e1671394994598.jpeg\" alt=\"Opt Economia 4t 3\" width=\"939\" height=\"757\" \/>\r\n\t\t\t\t\t\t\t\t\t\t<div class=\"slideshow_description_box slideshow_transparent\">\r\n\t\t\t\t\t\t\t\t\t\t\t\t\t\t\t\t\t<\/div>\r\n\t\t\t\t<\/div>\r\n\r\n\t\t\t\t\t\t<div style=\"clear: both;\"><\/div><\/div><div class=\"slideshow_view\">\r\n\t\t\t\t<div class=\"slideshow_slide slideshow_slide_image\">\r\n\t\t\t\t\t\t\t\t\t\t\t<img src=\"https:\/\/agora.xtec.cat\/iesdecelra\/wp-content\/uploads\/usu1789\/2022\/12\/Opt-Economia-4t-2.jpeg\" alt=\"Opt Economia 4t 2\" width=\"1024\" height=\"768\" \/>\r\n\t\t\t\t\t\t\t\t\t\t<div class=\"slideshow_description_box slideshow_transparent\">\r\n\t\t\t\t\t\t\t\t\t\t\t\t\t\t\t\t\t<\/div>\r\n\t\t\t\t<\/div>\r\n\r\n\t\t\t\t\t\t<div style=\"clear: both;\"><\/div><\/div><div class=\"slideshow_view\">\r\n\t\t\t\t<div class=\"slideshow_slide slideshow_slide_image\">\r\n\t\t\t\t\t\t\t\t\t\t\t<img src=\"https:\/\/agora.xtec.cat\/iesdecelra\/wp-content\/uploads\/usu1789\/2022\/12\/OPT-Economia-4t-1.jpeg\" alt=\"OPT Economia 4t 1\" width=\"1024\" height=\"768\" \/>\r\n\t\t\t\t\t\t\t\t\t\t<div class=\"slideshow_description_box slideshow_transparent\">\r\n\t\t\t\t\t\t\t\t\t\t\t\t\t\t\t\t\t<\/div>\r\n\t\t\t\t<\/div>\r\n\r\n\t\t\t\t\t\t<div style=\"clear: both;\"><\/div><\/div>\r\n\t\t<\/div>\r\n\r\n\t\t<div class=\"slideshow_controlPanel slideshow_transparent\" style=\"display: none;\"><ul><li class=\"slideshow_togglePlay\" data-play-text=\"Visualitza\" data-pause-text=\"Pausa\"><\/li><\/ul><\/div>\r\n\r\n\t\t<div class=\"slideshow_button slideshow_previous slideshow_transparent\" role=\"button\" data-previous-text=\"Anterior\" style=\"display: none;\"><\/div>\r\n\t\t<div class=\"slideshow_button slideshow_next slideshow_transparent\" role=\"button\" data-next-text=\"Seg\u00fcent\" style=\"display: none;\"><\/div>\r\n\r\n\t\t<div class=\"slideshow_pagination\" style=\"display: none;\" data-go-to-text=\"V\u00e9s a la diapositiva\"><div class=\"slideshow_pagination_center\"><\/div><\/div>\r\n\r\n\t\t<!-- WordPress Slideshow Version 2.3.1 -->\r\n\r\n\t\t\t<\/div>\r\n\r\n\n","protected":false},"excerpt":{"rendered":"<p>El divendres 16 de desembre els alumnes de 4t d\u2019ESO de l\u2019optativa d\u2019Economia van participar en un dels tallers organitzats per l\u2019Institut d\u2019Estudis Financers, el Departament d\u2019Ensenyament, la Vicepresid\u00e8ncia d\u2019Economia i Hisenda de la Generalitat i diferents entitats financeres.<br \/>\nL\u2019objectiu dels tallers \u00e9s formar als joves&hellip;  <a href=\"https:\/\/agora.xtec.cat\/iesdecelra\/general\/tallers-deducacio-financera\/\" title=\"Read TALLERS D&#8217;EDUCACI\u00d3 FINANCERA\">Llegeix m\u00e9s\u00bb<\/a><\/p>\n","protected":false},"author":1,"featured_media":7589,"comment_status":"closed","ping_status":"closed","sticky":false,"template":"","format":"standard","meta":{"_bbp_topic_count":0,"_bbp_reply_count":0,"_bbp_total_topic_count":0,"_bbp_total_reply_count":0,"_bbp_voice_count":0,"_bbp_anonymous_reply_count":0,"_bbp_topic_count_hidden":0,"_bbp_reply_count_hidden":0,"_bbp_forum_subforum_count":0,"footnotes":""},"categories":[1],"tags":[142,161],"class_list":["post-7592","post","type-post","status-publish","format-standard","has-post-thumbnail","hentry","category-general","tag-4t-eso","tag-economia"],"post_mailing_queue_ids":[],"_links":{"self":[{"href":"https:\/\/agora.xtec.cat\/iesdecelra\/wp-json\/wp\/v2\/posts\/7592","targetHints":{"allow":["GET"]}}],"collection":[{"href":"https:\/\/agora.xtec.cat\/iesdecelra\/wp-json\/wp\/v2\/posts"}],"about":[{"href":"https:\/\/agora.xtec.cat\/iesdecelra\/wp-json\/wp\/v2\/types\/post"}],"author":[{"embeddable":true,"href":"https:\/\/agora.xtec.cat\/iesdecelra\/wp-json\/wp\/v2\/users\/1"}],"replies":[{"embeddable":true,"href":"https:\/\/agora.xtec.cat\/iesdecelra\/wp-json\/wp\/v2\/comments?post=7592"}],"version-history":[{"count":3,"href":"https:\/\/agora.xtec.cat\/iesdecelra\/wp-json\/wp\/v2\/posts\/7592\/revisions"}],"predecessor-version":[{"id":7683,"href":"https:\/\/agora.xtec.cat\/iesdecelra\/wp-json\/wp\/v2\/posts\/7592\/revisions\/7683"}],"wp:featuredmedia":[{"embeddable":true,"href":"https:\/\/agora.xtec.cat\/iesdecelra\/wp-json\/wp\/v2\/media\/7589"}],"wp:attachment":[{"href":"https:\/\/agora.xtec.cat\/iesdecelra\/wp-json\/wp\/v2\/media?parent=7592"}],"wp:term":[{"taxonomy":"category","embeddable":true,"href":"https:\/\/agora.xtec.cat\/iesdecelra\/wp-json\/wp\/v2\/categories?post=7592"},{"taxonomy":"post_tag","embeddable":true,"href":"https:\/\/agora.xtec.cat\/iesdecelra\/wp-json\/wp\/v2\/tags?post=7592"}],"curies":[{"name":"wp","href":"https:\/\/api.w.org\/{rel}","templated":true}]}}