{"id":7514,"date":"2022-12-14T22:11:07","date_gmt":"2022-12-14T21:11:07","guid":{"rendered":"https:\/\/agora.xtec.cat\/iesdecelra\/?p=7514"},"modified":"2022-12-28T13:10:27","modified_gmt":"2022-12-28T12:10:27","slug":"sortida-al-teatre","status":"publish","type":"post","link":"https:\/\/agora.xtec.cat\/iesdecelra\/cursos\/batxillerat\/sortida-al-teatre\/","title":{"rendered":"SORTIDA AL TEATRE"},"content":{"rendered":"<p dir=\"auto\">El divendres 9 de desembre, el Departament de Llengua castellana i Literatura va organitzar una sortida volunt\u00e0ria\u00a0per a alumnes de Batxillerat i professors. Van anar a veure\u00a0<i>Yerma\u00a0<\/i>de Federico Garc\u00eda Lorca. L&#8217;obra es representa al Teatre Lliure de Barcelona sota la direcci\u00f3 de Juan Carlos Martel Bayod, amb el disseny de l&#8217;espai esc\u00e8nic de Frederic Amat, m\u00fasica de Ra\u00fcl Refree i coreografia de Lali Ayguad\u00e9. L&#8217;obra la protagonitzaven Mar\u00eda Herv\u00e1s, Joan Amarg\u00f3s, David Men\u00e9ndez i Isabel Rocatti, entre altres.<\/p>\n<p><i>Yerma<\/i>\u00a0(1934) forma part de la trilogia lorquiana, juntament amb\u00a0<i>La casa de Bernarda Alba<\/i>\u00a0(1936) i\u00a0<i>Bodas de sangre<\/i>\u00a0(1933). L&#8217;obra mostra el dolor d&#8217;una dona que no aconsegueix ser mare en un entorn de forta pressi\u00f3 social. La frustraci\u00f3 de l&#8217;instint i el desig maternals va <i>in crecendo<\/i>\u00a0fins a desembocar a la trag\u00e8dia. Malgrat l&#8217;ambientaci\u00f3 rural de l&#8217;\u00e8poca de la composici\u00f3 del text, el drama ressona encara en els nostres dies.<\/p>\n<p><img loading=\"lazy\" decoding=\"async\" class=\"aligncenter wp-image-7521 size-full\" src=\"https:\/\/agora.xtec.cat\/iesdecelra\/wp-content\/uploads\/usu1789\/2022\/12\/Teatre-Lliure-2-1.jpeg\" alt=\"\" width=\"1024\" height=\"768\" srcset=\"https:\/\/agora.xtec.cat\/iesdecelra\/wp-content\/uploads\/usu1789\/2022\/12\/Teatre-Lliure-2-1.jpeg 1024w, https:\/\/agora.xtec.cat\/iesdecelra\/wp-content\/uploads\/usu1789\/2022\/12\/Teatre-Lliure-2-1-300x225.jpeg 300w, https:\/\/agora.xtec.cat\/iesdecelra\/wp-content\/uploads\/usu1789\/2022\/12\/Teatre-Lliure-2-1-768x576.jpeg 768w, https:\/\/agora.xtec.cat\/iesdecelra\/wp-content\/uploads\/usu1789\/2022\/12\/Teatre-Lliure-2-1-200x150.jpeg 200w\" sizes=\"auto, (max-width: 1024px) 100vw, 1024px\" \/><\/p>\n<p>&nbsp;<\/p>\n","protected":false},"excerpt":{"rendered":"<p>El divendres 9 de desembre, el Departament de Llengua castellana i Literatura va organitzar una sortida volunt\u00e0ria\u00a0per a alumnes de Batxillerat i professors. Van anar a veure\u00a0Yerma\u00a0de Federico Garc\u00eda Lorca. L&#8217;obra es representa al Teatre Lliure de Barcelona sota la direcci\u00f3 de Juan Carlos Martel&hellip;  <a href=\"https:\/\/agora.xtec.cat\/iesdecelra\/cursos\/batxillerat\/sortida-al-teatre\/\" title=\"Read SORTIDA AL TEATRE\">Llegeix m\u00e9s\u00bb<\/a><\/p>\n","protected":false},"author":1,"featured_media":7515,"comment_status":"open","ping_status":"closed","sticky":false,"template":"","format":"standard","meta":{"_bbp_topic_count":0,"_bbp_reply_count":0,"_bbp_total_topic_count":0,"_bbp_total_reply_count":0,"_bbp_voice_count":0,"_bbp_anonymous_reply_count":0,"_bbp_topic_count_hidden":0,"_bbp_reply_count_hidden":0,"_bbp_forum_subforum_count":0,"footnotes":""},"categories":[103,8],"tags":[115,286,40],"class_list":["post-7514","post","type-post","status-publish","format-standard","has-post-thumbnail","hentry","category-actualitat","category-batxillerat","tag-batxillerat","tag-castella","tag-teatre"],"post_mailing_queue_ids":[],"_links":{"self":[{"href":"https:\/\/agora.xtec.cat\/iesdecelra\/wp-json\/wp\/v2\/posts\/7514","targetHints":{"allow":["GET"]}}],"collection":[{"href":"https:\/\/agora.xtec.cat\/iesdecelra\/wp-json\/wp\/v2\/posts"}],"about":[{"href":"https:\/\/agora.xtec.cat\/iesdecelra\/wp-json\/wp\/v2\/types\/post"}],"author":[{"embeddable":true,"href":"https:\/\/agora.xtec.cat\/iesdecelra\/wp-json\/wp\/v2\/users\/1"}],"replies":[{"embeddable":true,"href":"https:\/\/agora.xtec.cat\/iesdecelra\/wp-json\/wp\/v2\/comments?post=7514"}],"version-history":[{"count":3,"href":"https:\/\/agora.xtec.cat\/iesdecelra\/wp-json\/wp\/v2\/posts\/7514\/revisions"}],"predecessor-version":[{"id":7695,"href":"https:\/\/agora.xtec.cat\/iesdecelra\/wp-json\/wp\/v2\/posts\/7514\/revisions\/7695"}],"wp:featuredmedia":[{"embeddable":true,"href":"https:\/\/agora.xtec.cat\/iesdecelra\/wp-json\/wp\/v2\/media\/7515"}],"wp:attachment":[{"href":"https:\/\/agora.xtec.cat\/iesdecelra\/wp-json\/wp\/v2\/media?parent=7514"}],"wp:term":[{"taxonomy":"category","embeddable":true,"href":"https:\/\/agora.xtec.cat\/iesdecelra\/wp-json\/wp\/v2\/categories?post=7514"},{"taxonomy":"post_tag","embeddable":true,"href":"https:\/\/agora.xtec.cat\/iesdecelra\/wp-json\/wp\/v2\/tags?post=7514"}],"curies":[{"name":"wp","href":"https:\/\/api.w.org\/{rel}","templated":true}]}}