{"id":7335,"date":"2022-11-21T08:20:28","date_gmt":"2022-11-21T07:20:28","guid":{"rendered":"https:\/\/agora.xtec.cat\/iesdecelra\/?p=7335"},"modified":"2022-11-21T13:08:26","modified_gmt":"2022-11-21T12:08:26","slug":"gran-recapte-daliments-2022","status":"publish","type":"post","link":"https:\/\/agora.xtec.cat\/iesdecelra\/cursos\/eso\/eso-4\/gran-recapte-daliments-2022\/","title":{"rendered":"GRAN RECAPTE D&#8217;ALIMENTS 2022"},"content":{"rendered":"<p>Com cada any en aquestes dates, arrenca la campanya del Gran Recapte d&#8217;aliments amb l&#8217;objectiu de sensibilitzar sobre la realitat de la pobresa aliment\u00e0ria en el nostre entorn. Des del centre volem afavorir la donaci\u00f3 d&#8217;aliments aix\u00ed que els alumnes de 4t A d\u2019ESO, dins la mat\u00e8ria de Cultura i valors, n&#8217;estan organitzant la campanya de recollida.<\/p>\n<p>Entre el 21 i el 28 de novembre trobareu una capsa a l\u2019entrada de l\u2019institut on podreu anar deixant els aliments de llarga durada com llet, oli, arr\u00f2s, llegums, pasta, conserves i\/o llet en pols per nadons.<\/p>\n<p>Sumeu-vos al Gran Recapte!!<\/p>\n<p><img loading=\"lazy\" decoding=\"async\" class=\"aligncenter size-full wp-image-7369\" src=\"https:\/\/agora.xtec.cat\/iesdecelra\/wp-content\/uploads\/usu1789\/2022\/11\/banc-aliments.gif\" alt=\"\" width=\"500\" height=\"500\" \/><\/p>\n<!--[if lt IE 9]><script>document.createElement('audio');<\/script><![endif]-->\n<audio class=\"wp-audio-shortcode\" id=\"audio-7335-1\" preload=\"none\" style=\"width: 100%;\" controls=\"controls\"><source type=\"audio\/mpeg\" src=\"https:\/\/agora.xtec.cat\/iesdecelra\/wp-content\/uploads\/usu1789\/2022\/11\/falca-banc-aliments.mp3?_=1\" \/><a href=\"https:\/\/agora.xtec.cat\/iesdecelra\/wp-content\/uploads\/usu1789\/2022\/11\/falca-banc-aliments.mp3\">https:\/\/agora.xtec.cat\/iesdecelra\/wp-content\/uploads\/usu1789\/2022\/11\/falca-banc-aliments.mp3<\/a><\/audio>\n","protected":false},"excerpt":{"rendered":"<p>Com cada any en aquestes dates, arrenca la campanya del Gran Recapte d&#8217;aliments amb l&#8217;objectiu de sensibilitzar sobre la realitat de la pobresa aliment\u00e0ria en el nostre entorn. Des del centre volem afavorir la donaci\u00f3 d&#8217;aliments aix\u00ed que els alumnes de 4t A d\u2019ESO, dins&hellip;  <a href=\"https:\/\/agora.xtec.cat\/iesdecelra\/cursos\/eso\/eso-4\/gran-recapte-daliments-2022\/\" title=\"Read GRAN RECAPTE D&#8217;ALIMENTS 2022\">Llegeix m\u00e9s\u00bb<\/a><\/p>\n","protected":false},"author":1,"featured_media":7369,"comment_status":"open","ping_status":"closed","sticky":false,"template":"","format":"standard","meta":{"_bbp_topic_count":0,"_bbp_reply_count":0,"_bbp_total_topic_count":0,"_bbp_total_reply_count":0,"_bbp_voice_count":0,"_bbp_anonymous_reply_count":0,"_bbp_topic_count_hidden":0,"_bbp_reply_count_hidden":0,"_bbp_forum_subforum_count":0,"footnotes":""},"categories":[103,7],"tags":[222,339,149],"class_list":["post-7335","post","type-post","status-publish","format-standard","has-post-thumbnail","hentry","category-actualitat","category-eso-4","tag-4ta","tag-curs-2022-2023","tag-gran-recapte"],"post_mailing_queue_ids":[],"_links":{"self":[{"href":"https:\/\/agora.xtec.cat\/iesdecelra\/wp-json\/wp\/v2\/posts\/7335","targetHints":{"allow":["GET"]}}],"collection":[{"href":"https:\/\/agora.xtec.cat\/iesdecelra\/wp-json\/wp\/v2\/posts"}],"about":[{"href":"https:\/\/agora.xtec.cat\/iesdecelra\/wp-json\/wp\/v2\/types\/post"}],"author":[{"embeddable":true,"href":"https:\/\/agora.xtec.cat\/iesdecelra\/wp-json\/wp\/v2\/users\/1"}],"replies":[{"embeddable":true,"href":"https:\/\/agora.xtec.cat\/iesdecelra\/wp-json\/wp\/v2\/comments?post=7335"}],"version-history":[{"count":3,"href":"https:\/\/agora.xtec.cat\/iesdecelra\/wp-json\/wp\/v2\/posts\/7335\/revisions"}],"predecessor-version":[{"id":7370,"href":"https:\/\/agora.xtec.cat\/iesdecelra\/wp-json\/wp\/v2\/posts\/7335\/revisions\/7370"}],"wp:featuredmedia":[{"embeddable":true,"href":"https:\/\/agora.xtec.cat\/iesdecelra\/wp-json\/wp\/v2\/media\/7369"}],"wp:attachment":[{"href":"https:\/\/agora.xtec.cat\/iesdecelra\/wp-json\/wp\/v2\/media?parent=7335"}],"wp:term":[{"taxonomy":"category","embeddable":true,"href":"https:\/\/agora.xtec.cat\/iesdecelra\/wp-json\/wp\/v2\/categories?post=7335"},{"taxonomy":"post_tag","embeddable":true,"href":"https:\/\/agora.xtec.cat\/iesdecelra\/wp-json\/wp\/v2\/tags?post=7335"}],"curies":[{"name":"wp","href":"https:\/\/api.w.org\/{rel}","templated":true}]}}