{"id":7320,"date":"2022-11-18T14:40:20","date_gmt":"2022-11-18T13:40:20","guid":{"rendered":"https:\/\/agora.xtec.cat\/iesdecelra\/?p=7320"},"modified":"2022-12-28T13:15:19","modified_gmt":"2022-12-28T12:15:19","slug":"comissio-pro-persones-refugiades","status":"publish","type":"post","link":"https:\/\/agora.xtec.cat\/iesdecelra\/actualitat\/comissio-pro-persones-refugiades\/","title":{"rendered":"COMISSI\u00d3 PRO-PERSONES REFUGIADES"},"content":{"rendered":"<p>La Comissi\u00f3 Pro-persones refugiades de l&#8217;Institut de Celr\u00e0 engega motors! El dia 2 de novembre representants de l&#8217;organitzaci\u00f3 Top Manta varen fer una xerrada als membres d&#8217;aquesta comissi\u00f3. L&#8217;objectiu \u00e9s vendre articles d&#8217;aquesta entitat: dessuadores, bosses de m\u00e0, pantalons&#8230; tots dissenyats per ells.<\/p>\n<p><img decoding=\"async\" class=\"aligncenter\" src=\"https:\/\/agora.xtec.cat\/iesdecelra\/wp-content\/uploads\/usu1789\/2022\/11\/IMG-3700r.jpg\" alt=\"\" \/><\/p>\n<p>Els actes que de moment es duran a terme des de la comissi\u00f3 per col\u00b7laborar amb l&#8217;entitat seran una comanda de roba a la mateixa marca, Top Manta, i la venda d&#8217;esmorzars durant els patis de dijous. Els productes que es poden encarregar consten al <a href=\"https:\/\/drive.google.com\/file\/d\/1a6lKJPweh0EhDcsi4YWTx7UrRV_Dl34i\/view?usp=sharing\">seg\u00fcent enlla\u00e7<\/a> (o codi QR) i qui vulgui encarregar-ne haur\u00e0 de venir a la parada que hi haur\u00e0 <strong>dijous 24 i divendres 25 durant els patis<\/strong>, amb l&#8217;import just dels productes que es vulguin. A la mateixa parada ser\u00e0 on es vendran els esmorzars.<\/p>\n<p>Us hi esperem!<\/p>\n","protected":false},"excerpt":{"rendered":"<p>La Comissi\u00f3 Pro-persones refugiades de l&#8217;Institut de Celr\u00e0 engega motors! El dia 2 de novembre representants de l&#8217;organitzaci\u00f3 Top Manta varen fer una xerrada als membres d&#8217;aquesta comissi\u00f3. L&#8217;objectiu \u00e9s vendre articles d&#8217;aquesta entitat: dessuadores, bosses de m\u00e0, pantalons&#8230; tots dissenyats per ells.<\/p>\n<p>Els actes que&hellip;  <a href=\"https:\/\/agora.xtec.cat\/iesdecelra\/actualitat\/comissio-pro-persones-refugiades\/\" title=\"Read COMISSI\u00d3 PRO-PERSONES REFUGIADES\">Llegeix m\u00e9s\u00bb<\/a><\/p>\n","protected":false},"author":1,"featured_media":7321,"comment_status":"open","ping_status":"closed","sticky":false,"template":"","format":"standard","meta":{"_bbp_topic_count":0,"_bbp_reply_count":0,"_bbp_total_topic_count":0,"_bbp_total_reply_count":0,"_bbp_voice_count":0,"_bbp_anonymous_reply_count":0,"_bbp_topic_count_hidden":0,"_bbp_reply_count_hidden":0,"_bbp_forum_subforum_count":0,"footnotes":""},"categories":[103],"tags":[172,339],"class_list":["post-7320","post","type-post","status-publish","format-standard","has-post-thumbnail","hentry","category-actualitat","tag-comissio-de-refugiats","tag-curs-2022-2023"],"post_mailing_queue_ids":[],"_links":{"self":[{"href":"https:\/\/agora.xtec.cat\/iesdecelra\/wp-json\/wp\/v2\/posts\/7320","targetHints":{"allow":["GET"]}}],"collection":[{"href":"https:\/\/agora.xtec.cat\/iesdecelra\/wp-json\/wp\/v2\/posts"}],"about":[{"href":"https:\/\/agora.xtec.cat\/iesdecelra\/wp-json\/wp\/v2\/types\/post"}],"author":[{"embeddable":true,"href":"https:\/\/agora.xtec.cat\/iesdecelra\/wp-json\/wp\/v2\/users\/1"}],"replies":[{"embeddable":true,"href":"https:\/\/agora.xtec.cat\/iesdecelra\/wp-json\/wp\/v2\/comments?post=7320"}],"version-history":[{"count":4,"href":"https:\/\/agora.xtec.cat\/iesdecelra\/wp-json\/wp\/v2\/posts\/7320\/revisions"}],"predecessor-version":[{"id":7697,"href":"https:\/\/agora.xtec.cat\/iesdecelra\/wp-json\/wp\/v2\/posts\/7320\/revisions\/7697"}],"wp:featuredmedia":[{"embeddable":true,"href":"https:\/\/agora.xtec.cat\/iesdecelra\/wp-json\/wp\/v2\/media\/7321"}],"wp:attachment":[{"href":"https:\/\/agora.xtec.cat\/iesdecelra\/wp-json\/wp\/v2\/media?parent=7320"}],"wp:term":[{"taxonomy":"category","embeddable":true,"href":"https:\/\/agora.xtec.cat\/iesdecelra\/wp-json\/wp\/v2\/categories?post=7320"},{"taxonomy":"post_tag","embeddable":true,"href":"https:\/\/agora.xtec.cat\/iesdecelra\/wp-json\/wp\/v2\/tags?post=7320"}],"curies":[{"name":"wp","href":"https:\/\/api.w.org\/{rel}","templated":true}]}}