{"id":7204,"date":"2022-10-28T14:34:34","date_gmt":"2022-10-28T12:34:34","guid":{"rendered":"https:\/\/agora.xtec.cat\/iesdecelra\/?p=7204"},"modified":"2022-11-07T12:37:56","modified_gmt":"2022-11-07T11:37:56","slug":"codeweek-2022","status":"publish","type":"post","link":"https:\/\/agora.xtec.cat\/iesdecelra\/cursos\/eso\/eso-1\/codeweek-2022\/","title":{"rendered":"CODEWEEK 2022"},"content":{"rendered":"<p id=\"tw-target-text\" class=\"tw-data-text tw-text-large tw-ta\" dir=\"ltr\" data-placeholder=\"Traducci\u00f3\"><span class=\"Y2IQFc\" lang=\"ca\">Aquesta setmana els alumnes de 1r d&#8217;ESO i dins la mat\u00e8ria de Tecnologia han participat a la CodeWeek, la Setmana de la Programaci\u00f3 de la Uni\u00f3 Europea. Aquesta iniciativa posada en marxa per la Comissi\u00f3 Europea va n\u00e9ixer el 2013 i el seu objectiu \u00e9s apropar la programaci\u00f3 i l&#8217;alfabetisme digital d&#8217;una manera atractiva. Els alumnes han participat en un repte que els professors els han plantejat. L&#8217;activitat <em>Dibuixem figures geom\u00e8triques de la natura<\/em> proposa als alumnes de triar un element de <span class=\"\">la <\/span><span class=\"\">natura on hi puguin identificar figures geom\u00e8triques<\/span><span class=\"\"> i amb l&#8217;ajuda del programa Scratch dibuixar-ne el patr\u00f3 alhora que l&#8217;animaci\u00f3 explica<\/span> alguna curiositat sobre l&#8217;element triat. <\/span><\/p>\n<p class=\"tw-data-text tw-text-large tw-ta\" dir=\"ltr\" data-placeholder=\"Traducci\u00f3\"><span class=\"Y2IQFc\" lang=\"ca\">A continuaci\u00f3 podeu veure una selecci\u00f3, esperem que us agradin.<\/span><\/p>\n<table style=\"height: 657px; width: 100%; border-collapse: collapse; border-style: hidden;\">\n<tbody>\n<tr style=\"border-style: none;\">\n<td style=\"width: 33.3333%; height: 284px; border-style: hidden;\"><iframe loading=\"lazy\" src=\"https:\/\/scratch.mit.edu\/projects\/748508865\/embed\" width=\"485\" height=\"402\" frameborder=\"0\" scrolling=\"no\" allowfullscreen=\"allowfullscreen\"><\/iframe><\/td>\n<td style=\"width: 33.3333%; height: 284px; border-style: hidden;\"><iframe loading=\"lazy\" src=\"https:\/\/scratch.mit.edu\/projects\/748423220\/embed\" width=\"485\" height=\"402\" frameborder=\"0\" scrolling=\"no\" allowfullscreen=\"allowfullscreen\"><\/iframe><\/td>\n<td style=\"width: 33.3333%; height: 284px; border-style: hidden;\"><iframe loading=\"lazy\" src=\"https:\/\/scratch.mit.edu\/projects\/748422466\/embed\" width=\"485\" height=\"402\" frameborder=\"0\" scrolling=\"no\" allowfullscreen=\"allowfullscreen\"><\/iframe><\/td>\n<\/tr>\n<tr style=\"height: 341px;\">\n<td style=\"width: 33.3333%; height: 341px; border-style: hidden;\"><iframe loading=\"lazy\" src=\"https:\/\/scratch.mit.edu\/projects\/752694999\/embed\" width=\"485\" height=\"402\" frameborder=\"0\" scrolling=\"no\" allowfullscreen=\"allowfullscreen\"><\/iframe><\/td>\n<td style=\"width: 33.3333%; height: 341px; border-style: hidden;\"><iframe loading=\"lazy\" src=\"https:\/\/scratch.mit.edu\/projects\/748446728\/embed\" width=\"485\" height=\"402\" frameborder=\"0\" scrolling=\"no\" allowfullscreen=\"allowfullscreen\"><\/iframe><\/td>\n<td style=\"width: 33.3333%; height: 341px; border-style: hidden;\"><iframe loading=\"lazy\" src=\"https:\/\/scratch.mit.edu\/projects\/748446378\/embed\" width=\"485\" height=\"402\" frameborder=\"0\" scrolling=\"no\" allowfullscreen=\"allowfullscreen\"><\/iframe><\/td>\n<\/tr>\n<tr style=\"border-style: none;\">\n<td style=\"width: 33.3333%; height: 32px; border-style: hidden;\"><\/td>\n<td style=\"width: 33.3333%; height: 32px; border-style: hidden;\"><iframe loading=\"lazy\" src=\"https:\/\/scratch.mit.edu\/projects\/757209043\/embed\" width=\"485\" height=\"402\" frameborder=\"0\" scrolling=\"no\" allowfullscreen=\"allowfullscreen\"><\/iframe><\/td>\n<td style=\"width: 33.3333%; height: 32px; border-style: hidden;\"><\/td>\n<\/tr>\n<\/tbody>\n<\/table>\n","protected":false},"excerpt":{"rendered":"<p>Aquesta setmana els alumnes de 1r d&#8217;ESO i dins la mat\u00e8ria de Tecnologia han participat a la CodeWeek, la Setmana de la Programaci\u00f3 de la Uni\u00f3 Europea. Aquesta iniciativa posada en marxa per la Comissi\u00f3 Europea va n\u00e9ixer el 2013 i el seu objectiu \u00e9s&hellip;  <a href=\"https:\/\/agora.xtec.cat\/iesdecelra\/cursos\/eso\/eso-1\/codeweek-2022\/\" title=\"Read CODEWEEK 2022\">Llegeix m\u00e9s\u00bb<\/a><\/p>\n","protected":false},"author":1,"featured_media":7206,"comment_status":"open","ping_status":"closed","sticky":false,"template":"","format":"standard","meta":{"_bbp_topic_count":0,"_bbp_reply_count":0,"_bbp_total_topic_count":0,"_bbp_total_reply_count":0,"_bbp_voice_count":0,"_bbp_anonymous_reply_count":0,"_bbp_topic_count_hidden":0,"_bbp_reply_count_hidden":0,"_bbp_forum_subforum_count":0,"footnotes":""},"categories":[103,342,4,156,299],"tags":[339,209,245],"class_list":["post-7204","post","type-post","status-publish","format-standard","has-post-thumbnail","hentry","category-actualitat","category-erasmus","category-eso-1","category-european-projects","category-insteam","tag-curs-2022-2023","tag-departament-de-tecnologia","tag-erasmus"],"post_mailing_queue_ids":[],"_links":{"self":[{"href":"https:\/\/agora.xtec.cat\/iesdecelra\/wp-json\/wp\/v2\/posts\/7204","targetHints":{"allow":["GET"]}}],"collection":[{"href":"https:\/\/agora.xtec.cat\/iesdecelra\/wp-json\/wp\/v2\/posts"}],"about":[{"href":"https:\/\/agora.xtec.cat\/iesdecelra\/wp-json\/wp\/v2\/types\/post"}],"author":[{"embeddable":true,"href":"https:\/\/agora.xtec.cat\/iesdecelra\/wp-json\/wp\/v2\/users\/1"}],"replies":[{"embeddable":true,"href":"https:\/\/agora.xtec.cat\/iesdecelra\/wp-json\/wp\/v2\/comments?post=7204"}],"version-history":[{"count":3,"href":"https:\/\/agora.xtec.cat\/iesdecelra\/wp-json\/wp\/v2\/posts\/7204\/revisions"}],"predecessor-version":[{"id":7262,"href":"https:\/\/agora.xtec.cat\/iesdecelra\/wp-json\/wp\/v2\/posts\/7204\/revisions\/7262"}],"wp:featuredmedia":[{"embeddable":true,"href":"https:\/\/agora.xtec.cat\/iesdecelra\/wp-json\/wp\/v2\/media\/7206"}],"wp:attachment":[{"href":"https:\/\/agora.xtec.cat\/iesdecelra\/wp-json\/wp\/v2\/media?parent=7204"}],"wp:term":[{"taxonomy":"category","embeddable":true,"href":"https:\/\/agora.xtec.cat\/iesdecelra\/wp-json\/wp\/v2\/categories?post=7204"},{"taxonomy":"post_tag","embeddable":true,"href":"https:\/\/agora.xtec.cat\/iesdecelra\/wp-json\/wp\/v2\/tags?post=7204"}],"curies":[{"name":"wp","href":"https:\/\/api.w.org\/{rel}","templated":true}]}}