{"id":7126,"date":"2022-10-26T07:40:44","date_gmt":"2022-10-26T05:40:44","guid":{"rendered":"https:\/\/agora.xtec.cat\/iesdecelra\/?p=7126"},"modified":"2022-10-28T12:24:49","modified_gmt":"2022-10-28T10:24:49","slug":"premis-talent-patronat-politecnica","status":"publish","type":"post","link":"https:\/\/agora.xtec.cat\/iesdecelra\/cursos\/batxillerat\/premis-talent-patronat-politecnica\/","title":{"rendered":"PREMIS TALENT &#8211; PATRONAT POLIT\u00c8CNICA"},"content":{"rendered":"<p><em><a href=\"https:\/\/agora.xtec.cat\/iesdecelra\/wp-content\/uploads\/usu1789\/2022\/10\/Premiats-Premis-Talent-22r-2.jpeg\"><img loading=\"lazy\" decoding=\"async\" class=\"wp-image-7132 aligncenter\" src=\"https:\/\/agora.xtec.cat\/iesdecelra\/wp-content\/uploads\/usu1789\/2022\/10\/Premiats-Premis-Talent-22r-2.jpeg\" alt=\"\" width=\"420\" height=\"306\" srcset=\"https:\/\/agora.xtec.cat\/iesdecelra\/wp-content\/uploads\/usu1789\/2022\/10\/Premiats-Premis-Talent-22r-2.jpeg 599w, https:\/\/agora.xtec.cat\/iesdecelra\/wp-content\/uploads\/usu1789\/2022\/10\/Premiats-Premis-Talent-22r-2-300x219.jpeg 300w\" sizes=\"auto, (max-width: 420px) 100vw, 420px\" \/><\/a><\/em><\/p>\n<p>Enguany, a la 6a convocat\u00f2ria dels Premis Talent &#8211; Patronat de la Polit\u00e8cnica han estat premiats la Gina Font i Ginjaume i en Miquel Palau i Perals, actualment estudiants del primer curs de <span id=\"page181R_mcid28\" class=\"markedContent\"><span dir=\"ltr\" role=\"presentation\">Grau en Estudis d&#8217;Arquitectura<\/span><\/span><span id=\"page181R_mcid29\" class=\"markedContent\"><\/span> i de <span id=\"page181R_mcid38\" class=\"markedContent\"><span dir=\"ltr\" role=\"presentation\">Grau en Enginyeria Mec\u00e0nica<\/span><\/span><span id=\"page181R_mcid39\" class=\"markedContent\">, respectivament. L&#8217;enhorabona a tots dos perqu\u00e8 sabem que \u00e9s un reconeixement ben merescut!<\/span><\/p>\n<p>&nbsp;<\/p>\n<p><strong>Qu\u00e8 s\u00f3n els <span id=\"page181R_mcid4\" class=\"markedContent\"><span dir=\"ltr\" role=\"presentation\">PREMIS TALENT FUNDACI\u00d3 \u201cLA CAIXA\u201d &#8211; PATRONAT POLIT\u00c8CNICA<\/span><\/span>?<\/strong><\/p>\n<p>Els Premis Talent volen recon\u00e8ixer i premiar els futurs estudiants de l&#8217;Escola Polit\u00e8cnica Superior amb els millors curr\u00edculums acad\u00e8mics durant els estudis pre-universitaris i en la prova d&#8217;acc\u00e9s a la universitat.<\/p>\n<p>S\u2019ofereixen un total de 10 Premis Talent amb una dotaci\u00f3 de 1.000 euros cadascun, que es classifiquen en 4 tipus diferents de Premis i que s\u2019adrecen a 7 grups diferents d\u2019estudiants de nova entrada, d&#8217;acord amb el que es detalla a les bases de la convocat\u00f2ria.<\/p>\n<p>Els candidats hauran de complir amb els seg\u00fcents requisits per a poder optar al Premi Talent:<\/p>\n<ul>\n<li style=\"list-style-type: none;\">\n<ul>\n<li>Estudiants que hagin demanat estudis de l&#8217;Escola Polit\u00e8cnica Superior com a primera opci\u00f3 en la convocat\u00f2ria de juliol.<\/li>\n<li>Millor nota d&#8217;acc\u00e9s dins els prematriculats en cadascun dels grups d&#8217;estudiants als quals s&#8217;adrecen els premis segons es detalla a les bases de la convocat\u00f2ria.<\/li>\n<li>Procedir del batxillerat o de cicles formatius.<\/li>\n<\/ul>\n<\/li>\n<\/ul>\n<ul>\n<li style=\"list-style-type: none;\"><\/li>\n<\/ul>\n","protected":false},"excerpt":{"rendered":"<p><a href=\"https:\/\/agora.xtec.cat\/iesdecelra\/wp-content\/uploads\/usu1789\/2022\/10\/Premiats-Premis-Talent-22r-2.jpeg\"><\/a><br \/>\nEnguany, a la 6a convocat\u00f2ria dels Premis Talent &#8211; Patronat de la Polit\u00e8cnica han estat premiats la Gina Font i Ginjaume i en Miquel Palau i Perals, actualment estudiants del primer curs de Grau en Estudis d&#8217;Arquitectura i de Grau en Enginyeria Mec\u00e0nica, respectivament.&hellip;  <a href=\"https:\/\/agora.xtec.cat\/iesdecelra\/cursos\/batxillerat\/premis-talent-patronat-politecnica\/\" title=\"Read PREMIS TALENT &#8211; PATRONAT POLIT\u00c8CNICA\">Llegeix m\u00e9s\u00bb<\/a><\/p>\n","protected":false},"author":1,"featured_media":7132,"comment_status":"open","ping_status":"closed","sticky":false,"template":"","format":"standard","meta":{"_bbp_topic_count":0,"_bbp_reply_count":0,"_bbp_total_topic_count":0,"_bbp_total_reply_count":0,"_bbp_voice_count":0,"_bbp_anonymous_reply_count":0,"_bbp_topic_count_hidden":0,"_bbp_reply_count_hidden":0,"_bbp_forum_subforum_count":0,"footnotes":""},"categories":[103,8,218],"tags":[339,216],"class_list":["post-7126","post","type-post","status-publish","format-standard","has-post-thumbnail","hentry","category-actualitat","category-batxillerat","category-concursos-i-premis","tag-curs-2022-2023","tag-premis"],"post_mailing_queue_ids":[],"_links":{"self":[{"href":"https:\/\/agora.xtec.cat\/iesdecelra\/wp-json\/wp\/v2\/posts\/7126","targetHints":{"allow":["GET"]}}],"collection":[{"href":"https:\/\/agora.xtec.cat\/iesdecelra\/wp-json\/wp\/v2\/posts"}],"about":[{"href":"https:\/\/agora.xtec.cat\/iesdecelra\/wp-json\/wp\/v2\/types\/post"}],"author":[{"embeddable":true,"href":"https:\/\/agora.xtec.cat\/iesdecelra\/wp-json\/wp\/v2\/users\/1"}],"replies":[{"embeddable":true,"href":"https:\/\/agora.xtec.cat\/iesdecelra\/wp-json\/wp\/v2\/comments?post=7126"}],"version-history":[{"count":3,"href":"https:\/\/agora.xtec.cat\/iesdecelra\/wp-json\/wp\/v2\/posts\/7126\/revisions"}],"predecessor-version":[{"id":7229,"href":"https:\/\/agora.xtec.cat\/iesdecelra\/wp-json\/wp\/v2\/posts\/7126\/revisions\/7229"}],"wp:featuredmedia":[{"embeddable":true,"href":"https:\/\/agora.xtec.cat\/iesdecelra\/wp-json\/wp\/v2\/media\/7132"}],"wp:attachment":[{"href":"https:\/\/agora.xtec.cat\/iesdecelra\/wp-json\/wp\/v2\/media?parent=7126"}],"wp:term":[{"taxonomy":"category","embeddable":true,"href":"https:\/\/agora.xtec.cat\/iesdecelra\/wp-json\/wp\/v2\/categories?post=7126"},{"taxonomy":"post_tag","embeddable":true,"href":"https:\/\/agora.xtec.cat\/iesdecelra\/wp-json\/wp\/v2\/tags?post=7126"}],"curies":[{"name":"wp","href":"https:\/\/api.w.org\/{rel}","templated":true}]}}