{"id":7107,"date":"2022-10-20T15:49:27","date_gmt":"2022-10-20T13:49:27","guid":{"rendered":"https:\/\/agora.xtec.cat\/iesdecelra\/?p=7107"},"modified":"2022-10-20T15:49:27","modified_gmt":"2022-10-20T13:49:27","slug":"erasmus-days-a-linstitut-de-celra","status":"publish","type":"post","link":"https:\/\/agora.xtec.cat\/iesdecelra\/cursos\/eso\/erasmus-days-a-linstitut-de-celra\/","title":{"rendered":"ERASMUS DAYS A L&#8217;INSTITUT DE CELR\u00c0"},"content":{"rendered":"<p><span style=\"font-family: tahoma, sans-serif;\">L&#8217;Institut de Celr\u00e0 \u00e9s centre Erasmus+ acreditat.\u00a0 L&#8217;Erasmus+ \u00e9s un programa europeu que dona suport a l\u2019educaci\u00f3, la formaci\u00f3, l\u2019esport i la joventut al continent europeu. El programa \u00e9s gestionat per la Comissi\u00f3 Europea i per les ag\u00e8ncies nacionals de cada pa\u00eds membre, el Servei Espanyol per a la Internacionalitzaci\u00f3 de l\u2019Educaci\u00f3 (SEPIE), organisme del Ministeri d\u2019Universitats. Haver aconseguit ser centre acreditat\u00a0significa poder realitzar projectes Erasmus amb mobilitats de professors i alumnes des del 2022 al 2027.\u00a0<\/span><\/p>\n<p><span style=\"font-family: tahoma, sans-serif; font-size: 1em;\">Durant aquest curs d&#8217;inici del programa i l&#8217;acreditaci\u00f3 Erasmus a l&#8217;Institut de Celr\u00e0, un grup de professors viatjar\u00e0 en <\/span><i style=\"font-family: tahoma, sans-serif; font-size: 1em;\">job shadowing<\/i><span style=\"font-family: tahoma, sans-serif; font-size: 1em;\">\u00a0a tres centres europeus seleccionats i acreditats d&#8217;It\u00e0lia, Fran\u00e7a i Dinamarca per con\u00e8ixer les pr\u00e0ctiques educatives relacionades amb la inclusi\u00f3, la sostenibilitat, la digitalitzaci\u00f3 i els programes europeus, per aprendre, compartir metodologies i buscar punts de contacte per crear projectes conjunts.<\/span><\/p>\n<div>\n<p><span style=\"font-family: tahoma, sans-serif;\">De cares al curs 2023-24 s&#8217;iniciaran les mobilitats de professors amb alumnes.<\/span><\/p>\n<p><span style=\"font-family: tahoma, sans-serif;\">Per celebrar-ho, els dies 13 i 14 d&#8217;octubre hem celebrat els Erasmus Days a l&#8217;Institut, unes jornades de difusi\u00f3 on els alumnes han tingut l&#8217;oportunitat\u00a0de con\u00e8ixer el programa Erasmus a trav\u00e9s de la participaci\u00f3 en diferents activitats:<\/span><\/p>\n<p><span style=\"font-family: tahoma, sans-serif;\">&#8211; Tots els alumnes de l&#8217;institut han rebut informaci\u00f3 de l&#8217;acreditaci\u00f3 i el programa Erasmus a la sessi\u00f3 de tutoria.\u00a0<\/span><\/p>\n<p><span style=\"font-family: tahoma, sans-serif;\">&#8211; Els alumnes de 4rt d&#8217;ESO han pogut participar en una xerrada organitzada per l&#8217;oficina de difusi\u00f3, gesti\u00f3 i informaci\u00f3 de programes europeus EuropeDirect Girona vinculada a la Universitat de Girona. L&#8217;expert en programes europeus, Joaquim Mill\u00e1n, els ha ofert un taller interactiu amb tot de possibilitats que ofereix la Uni\u00f3 Europea per estudiar, realitzar pr\u00e0ctiques, voluntariat, beques d&#8217;estudi o treballar a Europa. Un tast de programes europeus que els alumnes han valorat positivament.<\/span><\/p>\n<p><span style=\"font-family: tahoma, sans-serif;\">&#8211; Els alumnes de 2n i 3r ESO han realitzat activitats d&#8217;aula relacionades amb la Uni\u00f3 Europea i les mobilitats Erasmus.<\/span><\/p>\n<p>&#8211; S&#8217;han organitzat jocs per difondre el programa Erasmus, com un Paraul\u00f2gic creat pels alumnes d&#8217;Empresa o un joc interactiu per commemorar els 35 anys del programa Erasmus. Felicitem a les guanyadores de 1r i 3r d&#8217;ESO que han rebut un petit obsequi gentilesa d&#8217;EuropeDirect i de l&#8217;oficina del Parlament Europeu de Barcelona.<span style=\"font-family: tahoma, sans-serif;\"><br \/>\n<\/span><\/p>\n<p><span style=\"font-family: tahoma, sans-serif;\">&#8211; Els alumnes de l&#8217;optativa de Projectes Europeus de 3r d&#8217;ESO han sigut els encarregats de dissenyar l&#8217;estand informatiu a l&#8217;entrada de l&#8217;Institut i d&#8217;assessorar durant les hores del pati als alumnes interessats.\u00a0<\/span><\/p>\n<div>\n\r\n\t<div class=\"slideshow_container slideshow_container_style-light\" style=\"height: 500px; \" data-slideshow-id=\"7109\" data-style-name=\"style-light\" data-style-version=\"2.3.1\" >\r\n\r\n\t\t\t\t\t<div class=\"slideshow_loading_icon\"><\/div>\r\n\t\t\r\n\t\t<div class=\"slideshow_content\" style=\"display: none;\">\r\n\r\n\t\t\t<div class=\"slideshow_view\">\r\n\t\t\t\t<div class=\"slideshow_slide slideshow_slide_image\">\r\n\t\t\t\t\t\t\t\t\t\t\t<img src=\"https:\/\/agora.xtec.cat\/iesdecelra\/wp-content\/uploads\/usu1789\/2022\/10\/Empresa-Guanyadores-joc-Paraulogic.jpg\" alt=\"Empresa &amp; Guanyadores joc Paraul\u00f2gic\" width=\"2000\" height=\"1500\" \/>\r\n\t\t\t\t\t\t\t\t\t\t<div class=\"slideshow_description_box slideshow_transparent\">\r\n\t\t\t\t\t\t\t\t\t\t\t\t\t\t\t\t\t<\/div>\r\n\t\t\t\t<\/div>\r\n\r\n\t\t\t\t\t\t<div style=\"clear: both;\"><\/div><\/div><div class=\"slideshow_view\">\r\n\t\t\t\t<div class=\"slideshow_slide slideshow_slide_image\">\r\n\t\t\t\t\t\t\t\t\t\t\t<img src=\"https:\/\/agora.xtec.cat\/iesdecelra\/wp-content\/uploads\/usu1789\/2022\/10\/Kit-ErasmusDays-2022-SEPIE-scaled.jpg\" alt=\"Kit ErasmusDays 2022 SEPIE\" width=\"2560\" height=\"1618\" \/>\r\n\t\t\t\t\t\t\t\t\t\t<div class=\"slideshow_description_box slideshow_transparent\">\r\n\t\t\t\t\t\t\t\t\t\t\t\t\t\t\t\t\t<\/div>\r\n\t\t\t\t<\/div>\r\n\r\n\t\t\t\t\t\t<div style=\"clear: both;\"><\/div><\/div><div class=\"slideshow_view\">\r\n\t\t\t\t<div class=\"slideshow_slide slideshow_slide_image\">\r\n\t\t\t\t\t\t\t\t\t\t\t<img src=\"https:\/\/agora.xtec.cat\/iesdecelra\/wp-content\/uploads\/usu1789\/2022\/10\/guanyadors.png\" alt=\"guanyadors\" width=\"841\" height=\"664\" \/>\r\n\t\t\t\t\t\t\t\t\t\t<div class=\"slideshow_description_box slideshow_transparent\">\r\n\t\t\t\t\t\t\t\t\t\t\t\t\t\t\t\t\t<\/div>\r\n\t\t\t\t<\/div>\r\n\r\n\t\t\t\t\t\t<div style=\"clear: both;\"><\/div><\/div><div class=\"slideshow_view\">\r\n\t\t\t\t<div class=\"slideshow_slide slideshow_slide_image\">\r\n\t\t\t\t\t\t\t\t\t\t\t<img src=\"https:\/\/agora.xtec.cat\/iesdecelra\/wp-content\/uploads\/usu1789\/2022\/10\/Paraulogic.png\" alt=\"Paraul\u00f2gic\" width=\"925\" height=\"538\" \/>\r\n\t\t\t\t\t\t\t\t\t\t<div class=\"slideshow_description_box slideshow_transparent\">\r\n\t\t\t\t\t\t\t\t\t\t\t\t\t\t\t\t\t<\/div>\r\n\t\t\t\t<\/div>\r\n\r\n\t\t\t\t\t\t<div style=\"clear: both;\"><\/div><\/div><div class=\"slideshow_view\">\r\n\t\t\t\t<div class=\"slideshow_slide slideshow_slide_image\">\r\n\t\t\t\t\t\t\t\t\t\t\t<img src=\"https:\/\/agora.xtec.cat\/iesdecelra\/wp-content\/uploads\/usu1789\/2022\/10\/Cartell-estand-ErasmusDays-1.png\" alt=\"Cartell estand ErasmusDays 1\" width=\"1587\" height=\"2245\" \/>\r\n\t\t\t\t\t\t\t\t\t\t<div class=\"slideshow_description_box slideshow_transparent\">\r\n\t\t\t\t\t\t\t\t\t\t\t\t\t\t\t\t\t<\/div>\r\n\t\t\t\t<\/div>\r\n\r\n\t\t\t\t\t\t<div style=\"clear: both;\"><\/div><\/div><div class=\"slideshow_view\">\r\n\t\t\t\t<div class=\"slideshow_slide slideshow_slide_image\">\r\n\t\t\t\t\t\t\t\t\t\t\t<img src=\"https:\/\/agora.xtec.cat\/iesdecelra\/wp-content\/uploads\/usu1789\/2022\/10\/Cartell-estand-ErasmusDays-3-1.png\" alt=\"Cartell estand ErasmusDays 3 (1)\" width=\"1587\" height=\"2245\" \/>\r\n\t\t\t\t\t\t\t\t\t\t<div class=\"slideshow_description_box slideshow_transparent\">\r\n\t\t\t\t\t\t\t\t\t\t\t\t\t\t\t\t\t<\/div>\r\n\t\t\t\t<\/div>\r\n\r\n\t\t\t\t\t\t<div style=\"clear: both;\"><\/div><\/div><div class=\"slideshow_view\">\r\n\t\t\t\t<div class=\"slideshow_slide slideshow_slide_image\">\r\n\t\t\t\t\t\t\t\t\t\t\t<img src=\"https:\/\/agora.xtec.cat\/iesdecelra\/wp-content\/uploads\/usu1789\/2022\/10\/Cartell-estand-ErasmusDays-2.png\" alt=\"Cartell estand ErasmusDays 2\" width=\"1587\" height=\"2245\" \/>\r\n\t\t\t\t\t\t\t\t\t\t<div class=\"slideshow_description_box slideshow_transparent\">\r\n\t\t\t\t\t\t\t\t\t\t\t\t\t\t\t\t\t<\/div>\r\n\t\t\t\t<\/div>\r\n\r\n\t\t\t\t\t\t<div style=\"clear: both;\"><\/div><\/div>\r\n\t\t<\/div>\r\n\r\n\t\t<div class=\"slideshow_controlPanel slideshow_transparent\" style=\"display: none;\"><ul><li class=\"slideshow_togglePlay\" data-play-text=\"Visualitza\" data-pause-text=\"Pausa\"><\/li><\/ul><\/div>\r\n\r\n\t\t<div class=\"slideshow_button slideshow_previous slideshow_transparent\" role=\"button\" data-previous-text=\"Anterior\" style=\"display: none;\"><\/div>\r\n\t\t<div class=\"slideshow_button slideshow_next slideshow_transparent\" role=\"button\" data-next-text=\"Seg\u00fcent\" style=\"display: none;\"><\/div>\r\n\r\n\t\t<div class=\"slideshow_pagination\" style=\"display: none;\" data-go-to-text=\"V\u00e9s a la diapositiva\"><div class=\"slideshow_pagination_center\"><\/div><\/div>\r\n\r\n\t\t<!-- WordPress Slideshow Version 2.3.1 -->\r\n\r\n\t\t\t<\/div>\r\n\r\n\n<\/div>\n<\/div>\n","protected":false},"excerpt":{"rendered":"<p>L&#8217;Institut de Celr\u00e0 \u00e9s centre Erasmus+ acreditat.\u00a0 L&#8217;Erasmus+ \u00e9s un programa europeu que dona suport a l\u2019educaci\u00f3, la formaci\u00f3, l\u2019esport i la joventut al continent europeu. El programa \u00e9s gestionat per la Comissi\u00f3 Europea i per les ag\u00e8ncies nacionals de cada pa\u00eds membre, el Servei&hellip;  <a href=\"https:\/\/agora.xtec.cat\/iesdecelra\/cursos\/eso\/erasmus-days-a-linstitut-de-celra\/\" title=\"Read ERASMUS DAYS A L&#8217;INSTITUT DE CELR\u00c0\">Llegeix m\u00e9s\u00bb<\/a><\/p>\n","protected":false},"author":1,"featured_media":7120,"comment_status":"open","ping_status":"closed","sticky":false,"template":"","format":"standard","meta":{"_bbp_topic_count":0,"_bbp_reply_count":0,"_bbp_total_topic_count":0,"_bbp_total_reply_count":0,"_bbp_voice_count":0,"_bbp_anonymous_reply_count":0,"_bbp_topic_count_hidden":0,"_bbp_reply_count_hidden":0,"_bbp_forum_subforum_count":0,"footnotes":""},"categories":[103,8,218,342,3,156],"tags":[339,245,301],"class_list":["post-7107","post","type-post","status-publish","format-standard","has-post-thumbnail","hentry","category-actualitat","category-batxillerat","category-concursos-i-premis","category-erasmus","category-eso","category-european-projects","tag-curs-2022-2023","tag-erasmus","tag-projectes-europeus"],"post_mailing_queue_ids":[],"_links":{"self":[{"href":"https:\/\/agora.xtec.cat\/iesdecelra\/wp-json\/wp\/v2\/posts\/7107","targetHints":{"allow":["GET"]}}],"collection":[{"href":"https:\/\/agora.xtec.cat\/iesdecelra\/wp-json\/wp\/v2\/posts"}],"about":[{"href":"https:\/\/agora.xtec.cat\/iesdecelra\/wp-json\/wp\/v2\/types\/post"}],"author":[{"embeddable":true,"href":"https:\/\/agora.xtec.cat\/iesdecelra\/wp-json\/wp\/v2\/users\/1"}],"replies":[{"embeddable":true,"href":"https:\/\/agora.xtec.cat\/iesdecelra\/wp-json\/wp\/v2\/comments?post=7107"}],"version-history":[{"count":2,"href":"https:\/\/agora.xtec.cat\/iesdecelra\/wp-json\/wp\/v2\/posts\/7107\/revisions"}],"predecessor-version":[{"id":7121,"href":"https:\/\/agora.xtec.cat\/iesdecelra\/wp-json\/wp\/v2\/posts\/7107\/revisions\/7121"}],"wp:featuredmedia":[{"embeddable":true,"href":"https:\/\/agora.xtec.cat\/iesdecelra\/wp-json\/wp\/v2\/media\/7120"}],"wp:attachment":[{"href":"https:\/\/agora.xtec.cat\/iesdecelra\/wp-json\/wp\/v2\/media?parent=7107"}],"wp:term":[{"taxonomy":"category","embeddable":true,"href":"https:\/\/agora.xtec.cat\/iesdecelra\/wp-json\/wp\/v2\/categories?post=7107"},{"taxonomy":"post_tag","embeddable":true,"href":"https:\/\/agora.xtec.cat\/iesdecelra\/wp-json\/wp\/v2\/tags?post=7107"}],"curies":[{"name":"wp","href":"https:\/\/api.w.org\/{rel}","templated":true}]}}