{"id":7008,"date":"2022-09-26T08:00:01","date_gmt":"2022-09-26T06:00:01","guid":{"rendered":"https:\/\/agora.xtec.cat\/iesdecelra\/?p=7008"},"modified":"2022-09-30T12:42:43","modified_gmt":"2022-09-30T10:42:43","slug":"dia-internacional-de-les-llengues","status":"publish","type":"post","link":"https:\/\/agora.xtec.cat\/iesdecelra\/actualitat\/dia-internacional-de-les-llengues\/","title":{"rendered":"DIA INTERNACIONAL DE LES LLENG\u00dcES"},"content":{"rendered":"<p>&#8220;PETJADES LOCALS, IMPACTE GLOBAL&#8221;: 26 DE SETEMBRE, DIA EUROPEU DE LES LLENG\u00dcES<\/p>\n<p>Per iniciativa del Consell d&#8217;Europa i des de l&#8217;any 2011, cada 26 de setembre es celebra el Dia Europeu de les Lleng\u00fces. Aquest any ens hem volgut sumar a la iniciativa amb activitats a classe promogudes pel Departament de Catal\u00e0, Castell\u00e0 i Lleng\u00fces estrangeres.<\/p>\n<p>Conven\u00e7uts que la diversitat ling\u00fc\u00edstica \u00e9s una eina per aconseguir una major comprensi\u00f3 i enriquiment intercultural, els alumnes i algun professor voluntari han volgut mostrar la diversitat ling\u00fc\u00edstica del nostre centre tot gravant el lema d&#8217;enguany &#8220;Petjades locals, Impacte global&#8221; en les diferents lleng\u00fces presents a l&#8217;Institut: Catal\u00e0, Itali\u00e0, Euskera, Gallec\/Portugu\u00e8s, Roman\u00e8s, Ucra\u00efn\u00e8s, Castell\u00e0, Franc\u00e8s, Xin\u00e8s, Sonink\u00e9, Asturi\u00e0, D\u00e0rija, Rus, Aragon\u00e8s, \u00c0rab i Angl\u00e8s.<\/p>\n<p>Podeu escoltar l&#8217;\u00e0udio en aquest enlla\u00e7:<\/p>\n<!--[if lt IE 9]><script>document.createElement('audio');<\/script><![endif]-->\n<audio class=\"wp-audio-shortcode\" id=\"audio-7008-1\" preload=\"none\" style=\"width: 100%;\" controls=\"controls\"><source type=\"audio\/mpeg\" src=\"https:\/\/agora.xtec.cat\/iesdecelra\/wp-content\/uploads\/usu1789\/2022\/09\/megafonia.mp3?_=1\" \/><a href=\"https:\/\/agora.xtec.cat\/iesdecelra\/wp-content\/uploads\/usu1789\/2022\/09\/megafonia.mp3\">https:\/\/agora.xtec.cat\/iesdecelra\/wp-content\/uploads\/usu1789\/2022\/09\/megafonia.mp3<\/a><\/audio>\n<p><img loading=\"lazy\" decoding=\"async\" class=\"aligncenter size-full wp-image-7029\" src=\"https:\/\/agora.xtec.cat\/iesdecelra\/wp-content\/uploads\/usu1789\/2022\/09\/dia-europeu-llengues-22.png\" alt=\"\" width=\"1181\" height=\"943\" srcset=\"https:\/\/agora.xtec.cat\/iesdecelra\/wp-content\/uploads\/usu1789\/2022\/09\/dia-europeu-llengues-22.png 1181w, https:\/\/agora.xtec.cat\/iesdecelra\/wp-content\/uploads\/usu1789\/2022\/09\/dia-europeu-llengues-22-300x240.png 300w, https:\/\/agora.xtec.cat\/iesdecelra\/wp-content\/uploads\/usu1789\/2022\/09\/dia-europeu-llengues-22-1024x818.png 1024w, https:\/\/agora.xtec.cat\/iesdecelra\/wp-content\/uploads\/usu1789\/2022\/09\/dia-europeu-llengues-22-768x613.png 768w\" sizes=\"auto, (max-width: 1181px) 100vw, 1181px\" \/><\/p>\n<p>&nbsp;<\/p>\n<p>ACTIVITATS D&#8217;AULA:<\/p>\n<p><span style=\"font-weight: 400;\">Els alumnes de 1r d&#8217;ESO han celebrat aquest Dia Europeu de les Lleng\u00fces per completar els seus coneixements sobre les lleng\u00fces del m\u00f3n, tema amb el qual han iniciat la mat\u00e8ria de Castell\u00e0 a l&#8217;institut, posant-se a prova amb endevinalles proposades a la p\u00e0gina del Consell d&#8217;Europa (<\/span><a href=\"https:\/\/edl.ecml.at\/Home\/tabid\/1455\/language\/es-ES\/Default.aspx\"><span style=\"font-weight: 400;\">https:\/\/edl.ecml.at\/Home\/tabid\/1455\/language\/es-ES\/Default.aspx<\/span><\/a><span style=\"font-weight: 400;\">). Per exemple, havien d&#8217;endevinar les lleng\u00fces que escoltaven i decidir si les afirmacions eren correctes o no.<\/span><\/p>\n<p>&nbsp;<\/p>\n","protected":false},"excerpt":{"rendered":"<p>&#8220;PETJADES LOCALS, IMPACTE GLOBAL&#8221;: 26 DE SETEMBRE, DIA EUROPEU DE LES LLENG\u00dcES<br \/>\nPer iniciativa del Consell d&#8217;Europa i des de l&#8217;any 2011, cada 26 de setembre es celebra el Dia Europeu de les Lleng\u00fces. Aquest any ens hem volgut sumar a la iniciativa amb activitats a&hellip;  <a href=\"https:\/\/agora.xtec.cat\/iesdecelra\/actualitat\/dia-internacional-de-les-llengues\/\" title=\"Read DIA INTERNACIONAL DE LES LLENG\u00dcES\">Llegeix m\u00e9s\u00bb<\/a><\/p>\n","protected":false},"author":1,"featured_media":7012,"comment_status":"open","ping_status":"closed","sticky":false,"template":"","format":"standard","meta":{"_bbp_topic_count":0,"_bbp_reply_count":0,"_bbp_total_topic_count":0,"_bbp_total_reply_count":0,"_bbp_voice_count":0,"_bbp_anonymous_reply_count":0,"_bbp_topic_count_hidden":0,"_bbp_reply_count_hidden":0,"_bbp_forum_subforum_count":0,"footnotes":""},"categories":[103,156],"tags":[339,245],"class_list":["post-7008","post","type-post","status-publish","format-standard","has-post-thumbnail","hentry","category-actualitat","category-european-projects","tag-curs-2022-2023","tag-erasmus"],"post_mailing_queue_ids":[],"_links":{"self":[{"href":"https:\/\/agora.xtec.cat\/iesdecelra\/wp-json\/wp\/v2\/posts\/7008","targetHints":{"allow":["GET"]}}],"collection":[{"href":"https:\/\/agora.xtec.cat\/iesdecelra\/wp-json\/wp\/v2\/posts"}],"about":[{"href":"https:\/\/agora.xtec.cat\/iesdecelra\/wp-json\/wp\/v2\/types\/post"}],"author":[{"embeddable":true,"href":"https:\/\/agora.xtec.cat\/iesdecelra\/wp-json\/wp\/v2\/users\/1"}],"replies":[{"embeddable":true,"href":"https:\/\/agora.xtec.cat\/iesdecelra\/wp-json\/wp\/v2\/comments?post=7008"}],"version-history":[{"count":3,"href":"https:\/\/agora.xtec.cat\/iesdecelra\/wp-json\/wp\/v2\/posts\/7008\/revisions"}],"predecessor-version":[{"id":7036,"href":"https:\/\/agora.xtec.cat\/iesdecelra\/wp-json\/wp\/v2\/posts\/7008\/revisions\/7036"}],"wp:featuredmedia":[{"embeddable":true,"href":"https:\/\/agora.xtec.cat\/iesdecelra\/wp-json\/wp\/v2\/media\/7012"}],"wp:attachment":[{"href":"https:\/\/agora.xtec.cat\/iesdecelra\/wp-json\/wp\/v2\/media?parent=7008"}],"wp:term":[{"taxonomy":"category","embeddable":true,"href":"https:\/\/agora.xtec.cat\/iesdecelra\/wp-json\/wp\/v2\/categories?post=7008"},{"taxonomy":"post_tag","embeddable":true,"href":"https:\/\/agora.xtec.cat\/iesdecelra\/wp-json\/wp\/v2\/tags?post=7008"}],"curies":[{"name":"wp","href":"https:\/\/api.w.org\/{rel}","templated":true}]}}