{"id":6877,"date":"2022-07-06T09:55:53","date_gmt":"2022-07-06T07:55:53","guid":{"rendered":"https:\/\/agora.xtec.cat\/iesdecelra\/?p=6877"},"modified":"2022-07-06T09:57:49","modified_gmt":"2022-07-06T07:57:49","slug":"recollida-de-mobils","status":"publish","type":"post","link":"https:\/\/agora.xtec.cat\/iesdecelra\/actualitat\/recollida-de-mobils\/","title":{"rendered":"RECOLLIDA DE M\u00d2BILS"},"content":{"rendered":"<p dir=\"ltr\">Hem aconseguit 30 m\u00f2bils i 4 tauletes que han estat enviats a la fundaci\u00f3 Mona (Centre de recuperaci\u00f3 de primats). Aquesta entitat, dins del projecte \u201c<a href=\"https:\/\/fundacionmona.org\/ca\/campanya-mobils\/\" target=\"_blank\" rel=\"noopener\" data-saferedirecturl=\"https:\/\/www.google.com\/url?q=https:\/\/fundacionmona.org\/ca\/campanya-mobils\/&amp;source=gmail&amp;ust=1657179624820000&amp;usg=AOvVaw2fy2JUDUidK0uGl9ZgqdmM\">RECICLA EL TEU M\u00d2BIL, SALVA VIDES<\/a>\u201d, far\u00e0 arribar els m\u00f2bils recuperables als pa\u00efsos m\u00e9s pobres i els que s\u00f3n obsolets els enviar\u00e0 a recicladors especialitzats per recuperar components i contribuir, aix\u00ed, a reduir l\u2019extracci\u00f3 de coltan. Amb aquesta campanya hem contribu\u00eft, tamb\u00e9, a recaptar fons per a projectes de la Fundaci\u00f3 Mona.<\/p>\n<p dir=\"ltr\">Moltes gr\u00e0cies per la vostra col\u00b7laboraci\u00f3.<\/p>\n<p dir=\"ltr\"><img loading=\"lazy\" decoding=\"async\" class=\"aligncenter wp-image-6878\" src=\"https:\/\/agora.xtec.cat\/iesdecelra\/wp-content\/uploads\/usu1789\/2022\/07\/recollida-mobils.png\" alt=\"\" width=\"630\" height=\"431\" srcset=\"https:\/\/agora.xtec.cat\/iesdecelra\/wp-content\/uploads\/usu1789\/2022\/07\/recollida-mobils.png 726w, https:\/\/agora.xtec.cat\/iesdecelra\/wp-content\/uploads\/usu1789\/2022\/07\/recollida-mobils-300x205.png 300w\" sizes=\"auto, (max-width: 630px) 100vw, 630px\" \/><\/p>\n","protected":false},"excerpt":{"rendered":"<p>Hem aconseguit 30 m\u00f2bils i 4 tauletes que han estat enviats a la fundaci\u00f3 Mona (Centre de recuperaci\u00f3 de primats). Aquesta entitat, dins del projecte \u201c<a href=\"https:\/\/fundacionmona.org\/ca\/campanya-mobils\/\" target=\"_blank\" rel=\"noopener\" data-saferedirecturl=\"https:\/\/www.google.com\/url?q=https:\/\/fundacionmona.org\/ca\/campanya-mobils\/&amp;source=gmail&amp;ust=1657179624820000&amp;usg=AOvVaw2fy2JUDUidK0uGl9ZgqdmM\">RECICLA EL TEU M\u00d2BIL, SALVA VIDES<\/a>\u201d, far\u00e0 arribar els m\u00f2bils recuperables als pa\u00efsos m\u00e9s pobres i&hellip;  <a href=\"https:\/\/agora.xtec.cat\/iesdecelra\/actualitat\/recollida-de-mobils\/\" title=\"Read RECOLLIDA DE M\u00d2BILS\">Llegeix m\u00e9s\u00bb<\/a><\/p>\n","protected":false},"author":1,"featured_media":6879,"comment_status":"open","ping_status":"closed","sticky":false,"template":"","format":"standard","meta":{"_bbp_topic_count":0,"_bbp_reply_count":0,"_bbp_total_topic_count":0,"_bbp_total_reply_count":0,"_bbp_voice_count":0,"_bbp_anonymous_reply_count":0,"_bbp_topic_count_hidden":0,"_bbp_reply_count_hidden":0,"_bbp_forum_subforum_count":0,"footnotes":""},"categories":[103,299],"tags":[309,209],"class_list":["post-6877","post","type-post","status-publish","format-standard","has-post-thumbnail","hentry","category-actualitat","category-insteam","tag-curs-2021-2022","tag-departament-de-tecnologia"],"post_mailing_queue_ids":[],"_links":{"self":[{"href":"https:\/\/agora.xtec.cat\/iesdecelra\/wp-json\/wp\/v2\/posts\/6877","targetHints":{"allow":["GET"]}}],"collection":[{"href":"https:\/\/agora.xtec.cat\/iesdecelra\/wp-json\/wp\/v2\/posts"}],"about":[{"href":"https:\/\/agora.xtec.cat\/iesdecelra\/wp-json\/wp\/v2\/types\/post"}],"author":[{"embeddable":true,"href":"https:\/\/agora.xtec.cat\/iesdecelra\/wp-json\/wp\/v2\/users\/1"}],"replies":[{"embeddable":true,"href":"https:\/\/agora.xtec.cat\/iesdecelra\/wp-json\/wp\/v2\/comments?post=6877"}],"version-history":[{"count":1,"href":"https:\/\/agora.xtec.cat\/iesdecelra\/wp-json\/wp\/v2\/posts\/6877\/revisions"}],"predecessor-version":[{"id":6880,"href":"https:\/\/agora.xtec.cat\/iesdecelra\/wp-json\/wp\/v2\/posts\/6877\/revisions\/6880"}],"wp:featuredmedia":[{"embeddable":true,"href":"https:\/\/agora.xtec.cat\/iesdecelra\/wp-json\/wp\/v2\/media\/6879"}],"wp:attachment":[{"href":"https:\/\/agora.xtec.cat\/iesdecelra\/wp-json\/wp\/v2\/media?parent=6877"}],"wp:term":[{"taxonomy":"category","embeddable":true,"href":"https:\/\/agora.xtec.cat\/iesdecelra\/wp-json\/wp\/v2\/categories?post=6877"},{"taxonomy":"post_tag","embeddable":true,"href":"https:\/\/agora.xtec.cat\/iesdecelra\/wp-json\/wp\/v2\/tags?post=6877"}],"curies":[{"name":"wp","href":"https:\/\/api.w.org\/{rel}","templated":true}]}}