{"id":6849,"date":"2022-07-05T12:35:16","date_gmt":"2022-07-05T10:35:16","guid":{"rendered":"https:\/\/agora.xtec.cat\/iesdecelra\/?p=6849"},"modified":"2022-07-05T12:49:27","modified_gmt":"2022-07-05T10:49:27","slug":"campus-prebat-udl","status":"publish","type":"post","link":"https:\/\/agora.xtec.cat\/iesdecelra\/cursos\/eso\/eso-4\/campus-prebat-udl\/","title":{"rendered":"CAMPUS PREBAT UdG"},"content":{"rendered":"<p>Del 27 de juny a l&#8217;1\u00a0de juliol de 2022\u00a0 tres alumnes de l&#8217;Institut de Celr\u00e0 amb la mitjana m\u00e9s alta de l&#8217;ESO van participar en la\u00a012a edici\u00f3 del Campus de Recerca PreBAT que organitza la Universitat de Girona.<\/p>\n<p><img loading=\"lazy\" decoding=\"async\" class=\"aligncenter wp-image-6851\" src=\"https:\/\/agora.xtec.cat\/iesdecelra\/wp-content\/uploads\/usu1789\/2022\/07\/40361.jpg\" alt=\"\" width=\"568\" height=\"316\" srcset=\"https:\/\/agora.xtec.cat\/iesdecelra\/wp-content\/uploads\/usu1789\/2022\/07\/40361.jpg 1242w, https:\/\/agora.xtec.cat\/iesdecelra\/wp-content\/uploads\/usu1789\/2022\/07\/40361-300x167.jpg 300w, https:\/\/agora.xtec.cat\/iesdecelra\/wp-content\/uploads\/usu1789\/2022\/07\/40361-1024x570.jpg 1024w, https:\/\/agora.xtec.cat\/iesdecelra\/wp-content\/uploads\/usu1789\/2022\/07\/40361-768x427.jpg 768w\" sizes=\"auto, (max-width: 568px) 100vw, 568px\" \/><\/p>\n<p>Durant l&#8217;estada al campus la universitat els va oferir un conjunt d&#8217;activitats\u00a0 amb l&#8217;objectiu de donar una visi\u00f3 general dels \u00e0mbits de coneixement en els quals treballa la UdG, els estudis que s\u2019hi poden cursar, les vies d\u2019acc\u00e9s per a accedir-hi aix\u00ed com els serveis: les biblioteques, servei d&#8217;esport, de lleng\u00fces o el CIAE, entre d&#8217;altres.\u00a0 Tamb\u00e9 van realitzar un seguit d&#8217;activitats\u00a0en els diferents campus (Barri Vell, Centre i Montilivi) i al Parc Cient\u00edfic i Tecnol\u00f2gic (PCiT) per con\u00e8ixer els diferents \u00e0mbits d&#8217;investigaci\u00f3 que es treballen a la UdG, veure el treball dels investigadors i engrescar-los en la\u00a0creaci\u00f3 de coneixement.<\/p>\n<p>Felicitem les tres alumnes seleccionades: Sira Font Ginjaume de 4B, Carla Massot Bofill de 4D i Gina Fontan\u00e9 Ball\u00f3 de 4E.<\/p>\n<p><img loading=\"lazy\" decoding=\"async\" class=\"aligncenter wp-image-6853\" src=\"https:\/\/agora.xtec.cat\/iesdecelra\/wp-content\/uploads\/usu1789\/2022\/07\/IMG-20220701-WA0033-1.jpg\" alt=\"\" width=\"287\" height=\"510\" srcset=\"https:\/\/agora.xtec.cat\/iesdecelra\/wp-content\/uploads\/usu1789\/2022\/07\/IMG-20220701-WA0033-1.jpg 1125w, https:\/\/agora.xtec.cat\/iesdecelra\/wp-content\/uploads\/usu1789\/2022\/07\/IMG-20220701-WA0033-1-169x300.jpg 169w, https:\/\/agora.xtec.cat\/iesdecelra\/wp-content\/uploads\/usu1789\/2022\/07\/IMG-20220701-WA0033-1-576x1024.jpg 576w, https:\/\/agora.xtec.cat\/iesdecelra\/wp-content\/uploads\/usu1789\/2022\/07\/IMG-20220701-WA0033-1-768x1365.jpg 768w, https:\/\/agora.xtec.cat\/iesdecelra\/wp-content\/uploads\/usu1789\/2022\/07\/IMG-20220701-WA0033-1-864x1536.jpg 864w\" sizes=\"auto, (max-width: 287px) 100vw, 287px\" \/><\/p>\n<div><\/div>\n","protected":false},"excerpt":{"rendered":"<p>Del 27 de juny a l&#8217;1\u00a0de juliol de 2022\u00a0 tres alumnes de l&#8217;Institut de Celr\u00e0 amb la mitjana m\u00e9s alta de l&#8217;ESO van participar en la\u00a012a edici\u00f3 del Campus de Recerca PreBAT que organitza la Universitat de Girona.<\/p>\n<p>Durant l&#8217;estada al campus la universitat els va&hellip;  <a href=\"https:\/\/agora.xtec.cat\/iesdecelra\/cursos\/eso\/eso-4\/campus-prebat-udl\/\" title=\"Read CAMPUS PREBAT UdG\">Llegeix m\u00e9s\u00bb<\/a><\/p>\n","protected":false},"author":1,"featured_media":6852,"comment_status":"open","ping_status":"closed","sticky":false,"template":"","format":"standard","meta":{"_bbp_topic_count":0,"_bbp_reply_count":0,"_bbp_total_topic_count":0,"_bbp_total_reply_count":0,"_bbp_voice_count":0,"_bbp_anonymous_reply_count":0,"_bbp_topic_count_hidden":0,"_bbp_reply_count_hidden":0,"_bbp_forum_subforum_count":0,"footnotes":""},"categories":[103,7,299],"tags":[309],"class_list":["post-6849","post","type-post","status-publish","format-standard","has-post-thumbnail","hentry","category-actualitat","category-eso-4","category-insteam","tag-curs-2021-2022"],"post_mailing_queue_ids":[],"_links":{"self":[{"href":"https:\/\/agora.xtec.cat\/iesdecelra\/wp-json\/wp\/v2\/posts\/6849","targetHints":{"allow":["GET"]}}],"collection":[{"href":"https:\/\/agora.xtec.cat\/iesdecelra\/wp-json\/wp\/v2\/posts"}],"about":[{"href":"https:\/\/agora.xtec.cat\/iesdecelra\/wp-json\/wp\/v2\/types\/post"}],"author":[{"embeddable":true,"href":"https:\/\/agora.xtec.cat\/iesdecelra\/wp-json\/wp\/v2\/users\/1"}],"replies":[{"embeddable":true,"href":"https:\/\/agora.xtec.cat\/iesdecelra\/wp-json\/wp\/v2\/comments?post=6849"}],"version-history":[{"count":3,"href":"https:\/\/agora.xtec.cat\/iesdecelra\/wp-json\/wp\/v2\/posts\/6849\/revisions"}],"predecessor-version":[{"id":6857,"href":"https:\/\/agora.xtec.cat\/iesdecelra\/wp-json\/wp\/v2\/posts\/6849\/revisions\/6857"}],"wp:featuredmedia":[{"embeddable":true,"href":"https:\/\/agora.xtec.cat\/iesdecelra\/wp-json\/wp\/v2\/media\/6852"}],"wp:attachment":[{"href":"https:\/\/agora.xtec.cat\/iesdecelra\/wp-json\/wp\/v2\/media?parent=6849"}],"wp:term":[{"taxonomy":"category","embeddable":true,"href":"https:\/\/agora.xtec.cat\/iesdecelra\/wp-json\/wp\/v2\/categories?post=6849"},{"taxonomy":"post_tag","embeddable":true,"href":"https:\/\/agora.xtec.cat\/iesdecelra\/wp-json\/wp\/v2\/tags?post=6849"}],"curies":[{"name":"wp","href":"https:\/\/api.w.org\/{rel}","templated":true}]}}