{"id":6781,"date":"2022-06-16T13:45:29","date_gmt":"2022-06-16T11:45:29","guid":{"rendered":"https:\/\/agora.xtec.cat\/iesdecelra\/?p=6781"},"modified":"2022-06-16T13:45:29","modified_gmt":"2022-06-16T11:45:29","slug":"iv-edicio-projectes-joves-per-celra","status":"publish","type":"post","link":"https:\/\/agora.xtec.cat\/iesdecelra\/cursos\/eso\/eso-3\/iv-edicio-projectes-joves-per-celra\/","title":{"rendered":"IV EDICI\u00d3 PROJECTES JOVES PER CELR\u00c0"},"content":{"rendered":"<p style=\"text-align: justify;\">Els alumnes de 3r d&#8217;ESO de l&#8217;assignatura de Socials han realitzat en grups un seguit de propostes de millora pel poble de Celr\u00e0 en el que ha estat la IV edici\u00f3 del programa Projectes Joves per Celr\u00e0 en col\u00b7laboraci\u00f3 amb l&#8217;Ajuntament.<\/p>\n<p style=\"text-align: justify;\">De les propostes presentades, es van seleccionar cinc projectes que han estat presentats pels alumnes i valorats per l&#8217;alcalde de Celr\u00e0, David Planas, en una sessi\u00f3 a la sala de Plens de l&#8217;Ajuntament. Els alumnes han rebut un document nominal signat per alcaldia i institut de Celr\u00e0 que certifica la seva participaci\u00f3 i selecci\u00f3.<\/p>\n<p>Els projectes seleccionats van ser els seg\u00fcents:<\/p>\n<p>&#8211; &#8220;Millora de la pavimentaci\u00f3&#8221; per Irina D\u00e1vila, Ada Fuertes, Laura Ruiz i Laia S\u00e1nchez de 3r A<\/p>\n<p>&#8211; &#8220;Concurs d&#8217;Escultures&#8221; per Talia Habib, Tom\u00e0s Planas, Jovita Sagrera i Jan Serrat de 3r B<\/p>\n<p>&#8211; &#8220;Autocine&#8221; per Vinyet Casero, Abril Creus, Clara Frigola i Leo Valle de 3r C<\/p>\n<p>&#8211; &#8220;Pista P\u00e0del&#8221; per Anna Berm\u00fadez, Mariem Ceesay i Biyagui Ceesay<\/p>\n<p>&#8211; &#8220;Il\u00b7luminaci\u00f3&#8221; per Afra Bosch i Maria Beatriz Mina de 3r E<\/p>\n<div style=\"text-align: center;\">\r\n\t<div class=\"slideshow_container slideshow_container_style-light\" style=\"height: 300px; \" data-slideshow-id=\"6783\" data-style-name=\"style-light\" data-style-version=\"2.3.1\" >\r\n\r\n\t\t\t\t\t<div class=\"slideshow_loading_icon\"><\/div>\r\n\t\t\r\n\t\t<div class=\"slideshow_content\" style=\"display: none;\">\r\n\r\n\t\t\t<div class=\"slideshow_view\">\r\n\t\t\t\t<div class=\"slideshow_slide slideshow_slide_image\">\r\n\t\t\t\t\t\t\t\t\t\t\t<img src=\"https:\/\/agora.xtec.cat\/iesdecelra\/wp-content\/uploads\/usu1789\/2022\/06\/Ajuntament-Socials-3.jpg\" alt=\"Ajuntament Socials (3)\" width=\"1416\" height=\"1062\" \/>\r\n\t\t\t\t\t\t\t\t\t\t<div class=\"slideshow_description_box slideshow_transparent\">\r\n\t\t\t\t\t\t<div class=\"slideshow_title\">Ajuntament Socials (3)<\/div>\t\t\t\t\t\t\t\t\t\t\t<\/div>\r\n\t\t\t\t<\/div>\r\n\r\n\t\t\t\t\t\t<div style=\"clear: both;\"><\/div><\/div><div class=\"slideshow_view\">\r\n\t\t\t\t<div class=\"slideshow_slide slideshow_slide_image\">\r\n\t\t\t\t\t\t\t\t\t\t\t<img src=\"https:\/\/agora.xtec.cat\/iesdecelra\/wp-content\/uploads\/usu1789\/2022\/06\/Ajuntament-Socials-2.jpg\" alt=\"Ajuntament Socials (2)\" width=\"1416\" height=\"1062\" \/>\r\n\t\t\t\t\t\t\t\t\t\t<div class=\"slideshow_description_box slideshow_transparent\">\r\n\t\t\t\t\t\t<div class=\"slideshow_title\">Ajuntament Socials (2)<\/div>\t\t\t\t\t\t\t\t\t\t\t<\/div>\r\n\t\t\t\t<\/div>\r\n\r\n\t\t\t\t\t\t<div style=\"clear: both;\"><\/div><\/div><div class=\"slideshow_view\">\r\n\t\t\t\t<div class=\"slideshow_slide slideshow_slide_image\">\r\n\t\t\t\t\t\t\t\t\t\t\t<img src=\"https:\/\/agora.xtec.cat\/iesdecelra\/wp-content\/uploads\/usu1789\/2022\/06\/Ajuntament-projecte-Socials-5-e1655379965778.jpg\" alt=\"Ajuntament projecte Socials (5)\" width=\"1416\" height=\"665\" \/>\r\n\t\t\t\t\t\t\t\t\t\t<div class=\"slideshow_description_box slideshow_transparent\">\r\n\t\t\t\t\t\t<div class=\"slideshow_title\">Ajuntament projecte Socials (5)<\/div>\t\t\t\t\t\t\t\t\t\t\t<\/div>\r\n\t\t\t\t<\/div>\r\n\r\n\t\t\t\t\t\t<div style=\"clear: both;\"><\/div><\/div><div class=\"slideshow_view\">\r\n\t\t\t\t<div class=\"slideshow_slide slideshow_slide_image\">\r\n\t\t\t\t\t\t\t\t\t\t\t<img src=\"https:\/\/agora.xtec.cat\/iesdecelra\/wp-content\/uploads\/usu1789\/2022\/06\/Ajuntament-Socials-1.jpg\" alt=\"Ajuntament Socials (1)\" width=\"1416\" height=\"1062\" \/>\r\n\t\t\t\t\t\t\t\t\t\t<div class=\"slideshow_description_box slideshow_transparent\">\r\n\t\t\t\t\t\t<div class=\"slideshow_title\">Ajuntament Socials (1)<\/div>\t\t\t\t\t\t\t\t\t\t\t<\/div>\r\n\t\t\t\t<\/div>\r\n\r\n\t\t\t\t\t\t<div style=\"clear: both;\"><\/div><\/div><div class=\"slideshow_view\">\r\n\t\t\t\t<div class=\"slideshow_slide slideshow_slide_image\">\r\n\t\t\t\t\t\t\t\t\t\t\t<img src=\"https:\/\/agora.xtec.cat\/iesdecelra\/wp-content\/uploads\/usu1789\/2022\/06\/Ajuntament-Socials-4.jpg\" alt=\"Ajuntament Socials (4)\" width=\"2048\" height=\"1536\" \/>\r\n\t\t\t\t\t\t\t\t\t\t<div class=\"slideshow_description_box slideshow_transparent\">\r\n\t\t\t\t\t\t<div class=\"slideshow_title\">Ajuntament Socials (4)<\/div>\t\t\t\t\t\t\t\t\t\t\t<\/div>\r\n\t\t\t\t<\/div>\r\n\r\n\t\t\t\t\t\t<div style=\"clear: both;\"><\/div><\/div>\r\n\t\t<\/div>\r\n\r\n\t\t<div class=\"slideshow_controlPanel slideshow_transparent\" style=\"display: none;\"><ul><li class=\"slideshow_togglePlay\" data-play-text=\"Visualitza\" data-pause-text=\"Pausa\"><\/li><\/ul><\/div>\r\n\r\n\t\t<div class=\"slideshow_button slideshow_previous slideshow_transparent\" role=\"button\" data-previous-text=\"Anterior\" style=\"display: none;\"><\/div>\r\n\t\t<div class=\"slideshow_button slideshow_next slideshow_transparent\" role=\"button\" data-next-text=\"Seg\u00fcent\" style=\"display: none;\"><\/div>\r\n\r\n\t\t<div class=\"slideshow_pagination\" style=\"display: none;\" data-go-to-text=\"V\u00e9s a la diapositiva\"><div class=\"slideshow_pagination_center\"><\/div><\/div>\r\n\r\n\t\t<!-- WordPress Slideshow Version 2.3.1 -->\r\n\r\n\t\t\t<\/div>\r\n\r\n<\/div>\n<div><\/div>\n<div><\/div>\n<div><\/div>\n","protected":false},"excerpt":{"rendered":"<p>Els alumnes de 3r d&#8217;ESO de l&#8217;assignatura de Socials han realitzat en grups un seguit de propostes de millora pel poble de Celr\u00e0 en el que ha estat la IV edici\u00f3 del programa Projectes Joves per Celr\u00e0 en col\u00b7laboraci\u00f3 amb l&#8217;Ajuntament.<br \/>\nDe les propostes presentades, es&hellip;  <a href=\"https:\/\/agora.xtec.cat\/iesdecelra\/cursos\/eso\/eso-3\/iv-edicio-projectes-joves-per-celra\/\" title=\"Read IV EDICI\u00d3 PROJECTES JOVES PER CELR\u00c0\">Llegeix m\u00e9s\u00bb<\/a><\/p>\n","protected":false},"author":1,"featured_media":6786,"comment_status":"open","ping_status":"closed","sticky":false,"template":"","format":"standard","meta":{"_bbp_topic_count":0,"_bbp_reply_count":0,"_bbp_total_topic_count":0,"_bbp_total_reply_count":0,"_bbp_voice_count":0,"_bbp_anonymous_reply_count":0,"_bbp_topic_count_hidden":0,"_bbp_reply_count_hidden":0,"_bbp_forum_subforum_count":0,"footnotes":""},"categories":[103,6],"tags":[176,309],"class_list":["post-6781","post","type-post","status-publish","format-standard","has-post-thumbnail","hentry","category-actualitat","category-eso-3","tag-ajuntament-de-celra","tag-curs-2021-2022"],"post_mailing_queue_ids":[],"_links":{"self":[{"href":"https:\/\/agora.xtec.cat\/iesdecelra\/wp-json\/wp\/v2\/posts\/6781","targetHints":{"allow":["GET"]}}],"collection":[{"href":"https:\/\/agora.xtec.cat\/iesdecelra\/wp-json\/wp\/v2\/posts"}],"about":[{"href":"https:\/\/agora.xtec.cat\/iesdecelra\/wp-json\/wp\/v2\/types\/post"}],"author":[{"embeddable":true,"href":"https:\/\/agora.xtec.cat\/iesdecelra\/wp-json\/wp\/v2\/users\/1"}],"replies":[{"embeddable":true,"href":"https:\/\/agora.xtec.cat\/iesdecelra\/wp-json\/wp\/v2\/comments?post=6781"}],"version-history":[{"count":2,"href":"https:\/\/agora.xtec.cat\/iesdecelra\/wp-json\/wp\/v2\/posts\/6781\/revisions"}],"predecessor-version":[{"id":6789,"href":"https:\/\/agora.xtec.cat\/iesdecelra\/wp-json\/wp\/v2\/posts\/6781\/revisions\/6789"}],"wp:featuredmedia":[{"embeddable":true,"href":"https:\/\/agora.xtec.cat\/iesdecelra\/wp-json\/wp\/v2\/media\/6786"}],"wp:attachment":[{"href":"https:\/\/agora.xtec.cat\/iesdecelra\/wp-json\/wp\/v2\/media?parent=6781"}],"wp:term":[{"taxonomy":"category","embeddable":true,"href":"https:\/\/agora.xtec.cat\/iesdecelra\/wp-json\/wp\/v2\/categories?post=6781"},{"taxonomy":"post_tag","embeddable":true,"href":"https:\/\/agora.xtec.cat\/iesdecelra\/wp-json\/wp\/v2\/tags?post=6781"}],"curies":[{"name":"wp","href":"https:\/\/api.w.org\/{rel}","templated":true}]}}