{"id":6601,"date":"2022-06-08T09:11:07","date_gmt":"2022-06-08T07:11:07","guid":{"rendered":"https:\/\/agora.xtec.cat\/iesdecelra\/?p=6601"},"modified":"2023-04-15T11:03:48","modified_gmt":"2023-04-15T09:03:48","slug":"participem-a-la-trobada-de-cooperatives-de-les-comarques-gironines","status":"publish","type":"post","link":"https:\/\/agora.xtec.cat\/iesdecelra\/cursos\/eso\/eso-4\/participem-a-la-trobada-de-cooperatives-de-les-comarques-gironines\/","title":{"rendered":"PARTICIPEM A LA TROBADA DE COOPERATIVES DE LES COMARQUES GIRONINES"},"content":{"rendered":"<p><img loading=\"lazy\" decoding=\"async\" class=\"aligncenter wp-image-6602\" src=\"https:\/\/agora.xtec.cat\/iesdecelra\/wp-content\/uploads\/usu1789\/2022\/06\/34494d38-5fd2-40d3-8ac1-3415d49372d4.jpg\" alt=\"\" width=\"579\" height=\"435\" srcset=\"https:\/\/agora.xtec.cat\/iesdecelra\/wp-content\/uploads\/usu1789\/2022\/06\/34494d38-5fd2-40d3-8ac1-3415d49372d4.jpg 1600w, https:\/\/agora.xtec.cat\/iesdecelra\/wp-content\/uploads\/usu1789\/2022\/06\/34494d38-5fd2-40d3-8ac1-3415d49372d4-300x225.jpg 300w, https:\/\/agora.xtec.cat\/iesdecelra\/wp-content\/uploads\/usu1789\/2022\/06\/34494d38-5fd2-40d3-8ac1-3415d49372d4-1024x768.jpg 1024w, https:\/\/agora.xtec.cat\/iesdecelra\/wp-content\/uploads\/usu1789\/2022\/06\/34494d38-5fd2-40d3-8ac1-3415d49372d4-768x576.jpg 768w, https:\/\/agora.xtec.cat\/iesdecelra\/wp-content\/uploads\/usu1789\/2022\/06\/34494d38-5fd2-40d3-8ac1-3415d49372d4-1536x1152.jpg 1536w, https:\/\/agora.xtec.cat\/iesdecelra\/wp-content\/uploads\/usu1789\/2022\/06\/34494d38-5fd2-40d3-8ac1-3415d49372d4-200x150.jpg 200w\" sizes=\"auto, (max-width: 579px) 100vw, 579px\" \/><\/p>\n<p style=\"text-align: justify;\">El dimecres 25 de maig els alumnes de la Cooperativa <em>Volem<\/em> de l&#8217;institut de Celr\u00e0 van anar a Girona a fer una trobada amb les altres cooperatives d&#8217;instituts de les comarques gironines.<\/p>\n<p style=\"text-align: justify;\">La trobada va tenir dues parts: la primera es va realitzar al Centre Cultural de la Merc\u00e8. All\u00e0, Quim Bosh, el president d&#8217;Empren.gi (projecte de cooperatives escolars) va donar la benvinguda als 225 alumnes que han participat aquest curs 2021-22 en el projecte.<\/p>\n<p style=\"text-align: justify;\">Despr\u00e9s, en Marcel Gutinell, soci de la cooperativa\u00a0<i>Gisfera\u00a0<\/i>(<wbr \/>Cooperativa de projecte ambientals), els va explicar la seva experi\u00e8ncia.<\/p>\n<p style=\"text-align: justify;\">La segona part va ser la fira. Cada cooperativa va muntar la seva parada amb els seus productes. Va ser un dia molt especial perqu\u00e8 per fi es va recuperar aquesta tradici\u00f3 de fa molts anys. Als nostres alumnes els va agradar con\u00e8ixer i compartir aquesta experi\u00e8ncia amb els altres alumnes de la resta de cooperatives.<\/p>\n<table style=\"border-collapse: collapse; width: 100%;\">\n<tbody>\n<tr>\n<td style=\"width: 50%;\"><img loading=\"lazy\" decoding=\"async\" class=\"aligncenter size-full wp-image-6603\" src=\"https:\/\/agora.xtec.cat\/iesdecelra\/wp-content\/uploads\/usu1789\/2022\/06\/7ab5ff48-8027-4c76-ad1c-661402522026.jpg\" alt=\"\" width=\"1600\" height=\"1200\" srcset=\"https:\/\/agora.xtec.cat\/iesdecelra\/wp-content\/uploads\/usu1789\/2022\/06\/7ab5ff48-8027-4c76-ad1c-661402522026.jpg 1600w, https:\/\/agora.xtec.cat\/iesdecelra\/wp-content\/uploads\/usu1789\/2022\/06\/7ab5ff48-8027-4c76-ad1c-661402522026-300x225.jpg 300w, https:\/\/agora.xtec.cat\/iesdecelra\/wp-content\/uploads\/usu1789\/2022\/06\/7ab5ff48-8027-4c76-ad1c-661402522026-1024x768.jpg 1024w, https:\/\/agora.xtec.cat\/iesdecelra\/wp-content\/uploads\/usu1789\/2022\/06\/7ab5ff48-8027-4c76-ad1c-661402522026-768x576.jpg 768w, https:\/\/agora.xtec.cat\/iesdecelra\/wp-content\/uploads\/usu1789\/2022\/06\/7ab5ff48-8027-4c76-ad1c-661402522026-1536x1152.jpg 1536w, https:\/\/agora.xtec.cat\/iesdecelra\/wp-content\/uploads\/usu1789\/2022\/06\/7ab5ff48-8027-4c76-ad1c-661402522026-200x150.jpg 200w\" sizes=\"auto, (max-width: 1600px) 100vw, 1600px\" \/><\/td>\n<td style=\"width: 50%;\"><img loading=\"lazy\" decoding=\"async\" class=\"aligncenter size-full wp-image-6604\" src=\"https:\/\/agora.xtec.cat\/iesdecelra\/wp-content\/uploads\/usu1789\/2022\/06\/5530179f-0f3c-449a-8811-9c10b42bdf62.jpg\" alt=\"\" width=\"1600\" height=\"1200\" srcset=\"https:\/\/agora.xtec.cat\/iesdecelra\/wp-content\/uploads\/usu1789\/2022\/06\/5530179f-0f3c-449a-8811-9c10b42bdf62.jpg 1600w, https:\/\/agora.xtec.cat\/iesdecelra\/wp-content\/uploads\/usu1789\/2022\/06\/5530179f-0f3c-449a-8811-9c10b42bdf62-300x225.jpg 300w, https:\/\/agora.xtec.cat\/iesdecelra\/wp-content\/uploads\/usu1789\/2022\/06\/5530179f-0f3c-449a-8811-9c10b42bdf62-1024x768.jpg 1024w, https:\/\/agora.xtec.cat\/iesdecelra\/wp-content\/uploads\/usu1789\/2022\/06\/5530179f-0f3c-449a-8811-9c10b42bdf62-768x576.jpg 768w, https:\/\/agora.xtec.cat\/iesdecelra\/wp-content\/uploads\/usu1789\/2022\/06\/5530179f-0f3c-449a-8811-9c10b42bdf62-1536x1152.jpg 1536w, https:\/\/agora.xtec.cat\/iesdecelra\/wp-content\/uploads\/usu1789\/2022\/06\/5530179f-0f3c-449a-8811-9c10b42bdf62-200x150.jpg 200w\" sizes=\"auto, (max-width: 1600px) 100vw, 1600px\" \/><\/td>\n<\/tr>\n<tr>\n<td style=\"width: 50%;\"><img loading=\"lazy\" decoding=\"async\" class=\"aligncenter size-full wp-image-6606\" src=\"https:\/\/agora.xtec.cat\/iesdecelra\/wp-content\/uploads\/usu1789\/2022\/06\/8c85a8c5-4cd3-4458-9b91-d89b4ee688f8.jpg\" alt=\"\" width=\"1600\" height=\"1200\" srcset=\"https:\/\/agora.xtec.cat\/iesdecelra\/wp-content\/uploads\/usu1789\/2022\/06\/8c85a8c5-4cd3-4458-9b91-d89b4ee688f8.jpg 1600w, https:\/\/agora.xtec.cat\/iesdecelra\/wp-content\/uploads\/usu1789\/2022\/06\/8c85a8c5-4cd3-4458-9b91-d89b4ee688f8-300x225.jpg 300w, https:\/\/agora.xtec.cat\/iesdecelra\/wp-content\/uploads\/usu1789\/2022\/06\/8c85a8c5-4cd3-4458-9b91-d89b4ee688f8-1024x768.jpg 1024w, https:\/\/agora.xtec.cat\/iesdecelra\/wp-content\/uploads\/usu1789\/2022\/06\/8c85a8c5-4cd3-4458-9b91-d89b4ee688f8-768x576.jpg 768w, https:\/\/agora.xtec.cat\/iesdecelra\/wp-content\/uploads\/usu1789\/2022\/06\/8c85a8c5-4cd3-4458-9b91-d89b4ee688f8-1536x1152.jpg 1536w, https:\/\/agora.xtec.cat\/iesdecelra\/wp-content\/uploads\/usu1789\/2022\/06\/8c85a8c5-4cd3-4458-9b91-d89b4ee688f8-200x150.jpg 200w\" sizes=\"auto, (max-width: 1600px) 100vw, 1600px\" \/><\/td>\n<td style=\"width: 50%;\"><img loading=\"lazy\" decoding=\"async\" class=\"aligncenter size-full wp-image-6607\" src=\"https:\/\/agora.xtec.cat\/iesdecelra\/wp-content\/uploads\/usu1789\/2022\/06\/27236a9b-73cd-48eb-a3a6-cb6869bd9563.jpg\" alt=\"\" width=\"1200\" height=\"1600\" srcset=\"https:\/\/agora.xtec.cat\/iesdecelra\/wp-content\/uploads\/usu1789\/2022\/06\/27236a9b-73cd-48eb-a3a6-cb6869bd9563.jpg 1200w, https:\/\/agora.xtec.cat\/iesdecelra\/wp-content\/uploads\/usu1789\/2022\/06\/27236a9b-73cd-48eb-a3a6-cb6869bd9563-225x300.jpg 225w, https:\/\/agora.xtec.cat\/iesdecelra\/wp-content\/uploads\/usu1789\/2022\/06\/27236a9b-73cd-48eb-a3a6-cb6869bd9563-768x1024.jpg 768w, https:\/\/agora.xtec.cat\/iesdecelra\/wp-content\/uploads\/usu1789\/2022\/06\/27236a9b-73cd-48eb-a3a6-cb6869bd9563-1152x1536.jpg 1152w\" sizes=\"auto, (max-width: 1200px) 100vw, 1200px\" \/><\/td>\n<\/tr>\n<\/tbody>\n<\/table>\n","protected":false},"excerpt":{"rendered":"<p>El dimecres 25 de maig els alumnes de la Cooperativa Volem de l&#8217;institut de Celr\u00e0 van anar a Girona a fer una trobada amb les altres cooperatives d&#8217;instituts de les comarques gironines.<br \/>\nLa trobada va tenir dues parts: la primera es va realitzar al Centre Cultural&hellip;  <a href=\"https:\/\/agora.xtec.cat\/iesdecelra\/cursos\/eso\/eso-4\/participem-a-la-trobada-de-cooperatives-de-les-comarques-gironines\/\" title=\"Read PARTICIPEM A LA TROBADA DE COOPERATIVES DE LES COMARQUES GIRONINES\">Llegeix m\u00e9s\u00bb<\/a><\/p>\n","protected":false},"author":1,"featured_media":6605,"comment_status":"open","ping_status":"closed","sticky":false,"template":"","format":"standard","meta":{"_bbp_topic_count":0,"_bbp_reply_count":0,"_bbp_total_topic_count":0,"_bbp_total_reply_count":0,"_bbp_voice_count":0,"_bbp_anonymous_reply_count":0,"_bbp_topic_count_hidden":0,"_bbp_reply_count_hidden":0,"_bbp_forum_subforum_count":0,"footnotes":""},"categories":[103,347,7],"tags":[179,309],"class_list":["post-6601","post","type-post","status-publish","format-standard","has-post-thumbnail","hentry","category-actualitat","category-cooperativa","category-eso-4","tag-cooperativa","tag-curs-2021-2022"],"post_mailing_queue_ids":[],"_links":{"self":[{"href":"https:\/\/agora.xtec.cat\/iesdecelra\/wp-json\/wp\/v2\/posts\/6601","targetHints":{"allow":["GET"]}}],"collection":[{"href":"https:\/\/agora.xtec.cat\/iesdecelra\/wp-json\/wp\/v2\/posts"}],"about":[{"href":"https:\/\/agora.xtec.cat\/iesdecelra\/wp-json\/wp\/v2\/types\/post"}],"author":[{"embeddable":true,"href":"https:\/\/agora.xtec.cat\/iesdecelra\/wp-json\/wp\/v2\/users\/1"}],"replies":[{"embeddable":true,"href":"https:\/\/agora.xtec.cat\/iesdecelra\/wp-json\/wp\/v2\/comments?post=6601"}],"version-history":[{"count":2,"href":"https:\/\/agora.xtec.cat\/iesdecelra\/wp-json\/wp\/v2\/posts\/6601\/revisions"}],"predecessor-version":[{"id":6609,"href":"https:\/\/agora.xtec.cat\/iesdecelra\/wp-json\/wp\/v2\/posts\/6601\/revisions\/6609"}],"wp:featuredmedia":[{"embeddable":true,"href":"https:\/\/agora.xtec.cat\/iesdecelra\/wp-json\/wp\/v2\/media\/6605"}],"wp:attachment":[{"href":"https:\/\/agora.xtec.cat\/iesdecelra\/wp-json\/wp\/v2\/media?parent=6601"}],"wp:term":[{"taxonomy":"category","embeddable":true,"href":"https:\/\/agora.xtec.cat\/iesdecelra\/wp-json\/wp\/v2\/categories?post=6601"},{"taxonomy":"post_tag","embeddable":true,"href":"https:\/\/agora.xtec.cat\/iesdecelra\/wp-json\/wp\/v2\/tags?post=6601"}],"curies":[{"name":"wp","href":"https:\/\/api.w.org\/{rel}","templated":true}]}}