{"id":6593,"date":"2022-06-02T16:01:44","date_gmt":"2022-06-02T14:01:44","guid":{"rendered":"https:\/\/agora.xtec.cat\/iesdecelra\/?p=6593"},"modified":"2022-06-02T16:05:48","modified_gmt":"2022-06-02T14:05:48","slug":"premi-al-concurs-participa-melies","status":"publish","type":"post","link":"https:\/\/agora.xtec.cat\/iesdecelra\/cursos\/eso\/premi-al-concurs-participa-melies\/","title":{"rendered":"PREMI AL CONCURS PARTICIPA M\u00c9LI\u00c8S"},"content":{"rendered":"<p>Des de la mat\u00e8ria optativa TIC de 4t els alumnes treballen els trucatges i l&#8217;edici\u00f3 de v\u00eddeo. En acabar la unitat i per grups fan un projecte que consta en fer un curtmetratge de cine mut. Com ja \u00e9s tradici\u00f3 cada any hem presentat els nostres curts al <a href=\"https:\/\/www.participamelies.com\/2022\/06\/01\/videos-ganadores-10a-edicion\/\">concurs Participa M\u00e9li\u00e8s<\/a> que organitza la Fundaci\u00f3 la Caixa. I ens plau informar-vos que aquesta 10a edici\u00f3 al concurs un dels curts de l&#8217;Institut de Celr\u00e0 ha obtingut el <strong>premi a Millor v\u00eddeo de Secund\u00e0ria, Batxillerat i Cicles formatius (Categoria escolar).<\/strong><\/p>\n<p>Estem molt contents de poder-vos mostrar el v\u00eddeo guanyador i aprofitem per felicitar als alumnes per la seva gran dedicaci\u00f3.<\/p>\n<p><iframe loading=\"lazy\" title=\"YouTube video player\" src=\"https:\/\/www.youtube.com\/embed\/Q24kQ5Dgnsk\" width=\"745\" height=\"393\" frameborder=\"0\" allowfullscreen=\"allowfullscreen\"><\/iframe><\/p>\n<p>Valoraci\u00f3 del jurat del concurs:<\/p>\n<blockquote><p>Es tracta d\u2019un curtmetratge amb una gran realitzaci\u00f3 i planificaci\u00f3, amb gran dedicaci\u00f3 al so i als efectes especials. Aquest domini del llenguatge cinematogr\u00e0fic, juntament amb la interpretaci\u00f3 del seu protagonista, atrapa a l\u2019espectador des de l\u2019inici i el connecta amb el seu argument.<\/p><\/blockquote>\n","protected":false},"excerpt":{"rendered":"<p>Des de la mat\u00e8ria optativa TIC de 4t els alumnes treballen els trucatges i l&#8217;edici\u00f3 de v\u00eddeo. En acabar la unitat i per grups fan un projecte que consta en fer un curtmetratge de cine mut. Com ja \u00e9s tradici\u00f3 cada any hem presentat els&hellip;  <a href=\"https:\/\/agora.xtec.cat\/iesdecelra\/cursos\/eso\/premi-al-concurs-participa-melies\/\" title=\"Read PREMI AL CONCURS PARTICIPA M\u00c9LI\u00c8S\">Llegeix m\u00e9s\u00bb<\/a><\/p>\n","protected":false},"author":1,"featured_media":6594,"comment_status":"open","ping_status":"closed","sticky":false,"template":"","format":"standard","meta":{"_bbp_topic_count":0,"_bbp_reply_count":0,"_bbp_total_topic_count":0,"_bbp_total_reply_count":0,"_bbp_voice_count":0,"_bbp_anonymous_reply_count":0,"_bbp_topic_count_hidden":0,"_bbp_reply_count_hidden":0,"_bbp_forum_subforum_count":0,"footnotes":""},"categories":[103,218,3,7],"tags":[168,309],"class_list":["post-6593","post","type-post","status-publish","format-standard","has-post-thumbnail","hentry","category-actualitat","category-concursos-i-premis","category-eso","category-eso-4","tag-concursos","tag-curs-2021-2022"],"post_mailing_queue_ids":[],"_links":{"self":[{"href":"https:\/\/agora.xtec.cat\/iesdecelra\/wp-json\/wp\/v2\/posts\/6593","targetHints":{"allow":["GET"]}}],"collection":[{"href":"https:\/\/agora.xtec.cat\/iesdecelra\/wp-json\/wp\/v2\/posts"}],"about":[{"href":"https:\/\/agora.xtec.cat\/iesdecelra\/wp-json\/wp\/v2\/types\/post"}],"author":[{"embeddable":true,"href":"https:\/\/agora.xtec.cat\/iesdecelra\/wp-json\/wp\/v2\/users\/1"}],"replies":[{"embeddable":true,"href":"https:\/\/agora.xtec.cat\/iesdecelra\/wp-json\/wp\/v2\/comments?post=6593"}],"version-history":[{"count":3,"href":"https:\/\/agora.xtec.cat\/iesdecelra\/wp-json\/wp\/v2\/posts\/6593\/revisions"}],"predecessor-version":[{"id":6597,"href":"https:\/\/agora.xtec.cat\/iesdecelra\/wp-json\/wp\/v2\/posts\/6593\/revisions\/6597"}],"wp:featuredmedia":[{"embeddable":true,"href":"https:\/\/agora.xtec.cat\/iesdecelra\/wp-json\/wp\/v2\/media\/6594"}],"wp:attachment":[{"href":"https:\/\/agora.xtec.cat\/iesdecelra\/wp-json\/wp\/v2\/media?parent=6593"}],"wp:term":[{"taxonomy":"category","embeddable":true,"href":"https:\/\/agora.xtec.cat\/iesdecelra\/wp-json\/wp\/v2\/categories?post=6593"},{"taxonomy":"post_tag","embeddable":true,"href":"https:\/\/agora.xtec.cat\/iesdecelra\/wp-json\/wp\/v2\/tags?post=6593"}],"curies":[{"name":"wp","href":"https:\/\/api.w.org\/{rel}","templated":true}]}}