{"id":6573,"date":"2022-05-30T08:56:24","date_gmt":"2022-05-30T06:56:24","guid":{"rendered":"https:\/\/agora.xtec.cat\/iesdecelra\/?p=6573"},"modified":"2022-05-30T08:56:24","modified_gmt":"2022-05-30T06:56:24","slug":"cantologia-de-la-poesia-espanyola","status":"publish","type":"post","link":"https:\/\/agora.xtec.cat\/iesdecelra\/cursos\/batxillerat\/cantologia-de-la-poesia-espanyola\/","title":{"rendered":"CANTOLOGIA DE LA POESIA ESPANYOLA"},"content":{"rendered":"<p style=\"text-align: justify;\">Dimarts 24 de maig al mat\u00ed, els alumnes de 1r de batxillerat van con\u00e8ixer un trobador contemporani, l&#8217;Emiliano Valdeolivas, que va cantar poemes de la hist\u00f2ria de la literatura espanyola, com un\u00a0 fragment del &#8220;Cantar de M\u00edo Cid&#8221;, el fam\u00f3s sonet de Quevedo, &#8220;\u00c9rase un hombre a una nariz pegado&#8221;, &#8220;No volver\u00e9 a ser joven&#8221; de Jaime Gil de Biedma, &#8220;Vida&#8221; de Jos\u00e9 Hierro o el poema de la Gloria Fuertes, &#8220;Desajuste en el desgaste&#8221;, entre altres. Els alumnes va gaudir molt de l&#8217;actuaci\u00f3!<\/p>\n<table style=\"border-collapse: collapse; width: 100%;\">\n<tbody>\n<tr>\n<td style=\"width: 35.9043%;\"><img loading=\"lazy\" decoding=\"async\" class=\"aligncenter size-full wp-image-6574\" src=\"https:\/\/agora.xtec.cat\/iesdecelra\/wp-content\/uploads\/usu1789\/2022\/05\/IMG_20220524_121603-1.jpg\" alt=\"\" width=\"2000\" height=\"1500\" srcset=\"https:\/\/agora.xtec.cat\/iesdecelra\/wp-content\/uploads\/usu1789\/2022\/05\/IMG_20220524_121603-1.jpg 2000w, https:\/\/agora.xtec.cat\/iesdecelra\/wp-content\/uploads\/usu1789\/2022\/05\/IMG_20220524_121603-1-300x225.jpg 300w, https:\/\/agora.xtec.cat\/iesdecelra\/wp-content\/uploads\/usu1789\/2022\/05\/IMG_20220524_121603-1-1024x768.jpg 1024w, https:\/\/agora.xtec.cat\/iesdecelra\/wp-content\/uploads\/usu1789\/2022\/05\/IMG_20220524_121603-1-768x576.jpg 768w, https:\/\/agora.xtec.cat\/iesdecelra\/wp-content\/uploads\/usu1789\/2022\/05\/IMG_20220524_121603-1-1536x1152.jpg 1536w, https:\/\/agora.xtec.cat\/iesdecelra\/wp-content\/uploads\/usu1789\/2022\/05\/IMG_20220524_121603-1-200x150.jpg 200w\" sizes=\"auto, (max-width: 2000px) 100vw, 2000px\" \/><\/td>\n<td style=\"width: 28.1912%;\"><img loading=\"lazy\" decoding=\"async\" class=\" wp-image-6575\" src=\"https:\/\/agora.xtec.cat\/iesdecelra\/wp-content\/uploads\/usu1789\/2022\/05\/IMG_20220524_123259-1.jpg\" alt=\"\" width=\"175\" height=\"234\" srcset=\"https:\/\/agora.xtec.cat\/iesdecelra\/wp-content\/uploads\/usu1789\/2022\/05\/IMG_20220524_123259-1.jpg 1500w, https:\/\/agora.xtec.cat\/iesdecelra\/wp-content\/uploads\/usu1789\/2022\/05\/IMG_20220524_123259-1-225x300.jpg 225w, https:\/\/agora.xtec.cat\/iesdecelra\/wp-content\/uploads\/usu1789\/2022\/05\/IMG_20220524_123259-1-768x1024.jpg 768w, https:\/\/agora.xtec.cat\/iesdecelra\/wp-content\/uploads\/usu1789\/2022\/05\/IMG_20220524_123259-1-1152x1536.jpg 1152w\" sizes=\"auto, (max-width: 175px) 100vw, 175px\" \/><\/td>\n<td style=\"width: 35.9044%;\"><img loading=\"lazy\" decoding=\"async\" class=\"aligncenter size-full wp-image-6576\" src=\"https:\/\/agora.xtec.cat\/iesdecelra\/wp-content\/uploads\/usu1789\/2022\/05\/IMG_20220524_121740-1.jpg\" alt=\"\" width=\"2000\" height=\"1500\" srcset=\"https:\/\/agora.xtec.cat\/iesdecelra\/wp-content\/uploads\/usu1789\/2022\/05\/IMG_20220524_121740-1.jpg 2000w, https:\/\/agora.xtec.cat\/iesdecelra\/wp-content\/uploads\/usu1789\/2022\/05\/IMG_20220524_121740-1-300x225.jpg 300w, https:\/\/agora.xtec.cat\/iesdecelra\/wp-content\/uploads\/usu1789\/2022\/05\/IMG_20220524_121740-1-1024x768.jpg 1024w, https:\/\/agora.xtec.cat\/iesdecelra\/wp-content\/uploads\/usu1789\/2022\/05\/IMG_20220524_121740-1-768x576.jpg 768w, https:\/\/agora.xtec.cat\/iesdecelra\/wp-content\/uploads\/usu1789\/2022\/05\/IMG_20220524_121740-1-1536x1152.jpg 1536w, https:\/\/agora.xtec.cat\/iesdecelra\/wp-content\/uploads\/usu1789\/2022\/05\/IMG_20220524_121740-1-200x150.jpg 200w\" sizes=\"auto, (max-width: 2000px) 100vw, 2000px\" \/><\/td>\n<\/tr>\n<\/tbody>\n<\/table>\n","protected":false},"excerpt":{"rendered":"<p>Dimarts 24 de maig al mat\u00ed, els alumnes de 1r de batxillerat van con\u00e8ixer un trobador contemporani, l&#8217;Emiliano Valdeolivas, que va cantar poemes de la hist\u00f2ria de la literatura espanyola, com un\u00a0 fragment del &#8220;Cantar de M\u00edo Cid&#8221;, el fam\u00f3s sonet de Quevedo, &#8220;\u00c9rase un&hellip;  <a href=\"https:\/\/agora.xtec.cat\/iesdecelra\/cursos\/batxillerat\/cantologia-de-la-poesia-espanyola\/\" title=\"Read CANTOLOGIA DE LA POESIA ESPANYOLA\">Llegeix m\u00e9s\u00bb<\/a><\/p>\n","protected":false},"author":1,"featured_media":6576,"comment_status":"open","ping_status":"closed","sticky":false,"template":"","format":"standard","meta":{"_bbp_topic_count":0,"_bbp_reply_count":0,"_bbp_total_topic_count":0,"_bbp_total_reply_count":0,"_bbp_voice_count":0,"_bbp_anonymous_reply_count":0,"_bbp_topic_count_hidden":0,"_bbp_reply_count_hidden":0,"_bbp_forum_subforum_count":0,"footnotes":""},"categories":[103,8],"tags":[309,282],"class_list":["post-6573","post","type-post","status-publish","format-standard","has-post-thumbnail","hentry","category-actualitat","category-batxillerat","tag-curs-2021-2022","tag-departament-de-llengua-castellana"],"post_mailing_queue_ids":[],"_links":{"self":[{"href":"https:\/\/agora.xtec.cat\/iesdecelra\/wp-json\/wp\/v2\/posts\/6573","targetHints":{"allow":["GET"]}}],"collection":[{"href":"https:\/\/agora.xtec.cat\/iesdecelra\/wp-json\/wp\/v2\/posts"}],"about":[{"href":"https:\/\/agora.xtec.cat\/iesdecelra\/wp-json\/wp\/v2\/types\/post"}],"author":[{"embeddable":true,"href":"https:\/\/agora.xtec.cat\/iesdecelra\/wp-json\/wp\/v2\/users\/1"}],"replies":[{"embeddable":true,"href":"https:\/\/agora.xtec.cat\/iesdecelra\/wp-json\/wp\/v2\/comments?post=6573"}],"version-history":[{"count":1,"href":"https:\/\/agora.xtec.cat\/iesdecelra\/wp-json\/wp\/v2\/posts\/6573\/revisions"}],"predecessor-version":[{"id":6577,"href":"https:\/\/agora.xtec.cat\/iesdecelra\/wp-json\/wp\/v2\/posts\/6573\/revisions\/6577"}],"wp:featuredmedia":[{"embeddable":true,"href":"https:\/\/agora.xtec.cat\/iesdecelra\/wp-json\/wp\/v2\/media\/6576"}],"wp:attachment":[{"href":"https:\/\/agora.xtec.cat\/iesdecelra\/wp-json\/wp\/v2\/media?parent=6573"}],"wp:term":[{"taxonomy":"category","embeddable":true,"href":"https:\/\/agora.xtec.cat\/iesdecelra\/wp-json\/wp\/v2\/categories?post=6573"},{"taxonomy":"post_tag","embeddable":true,"href":"https:\/\/agora.xtec.cat\/iesdecelra\/wp-json\/wp\/v2\/tags?post=6573"}],"curies":[{"name":"wp","href":"https:\/\/api.w.org\/{rel}","templated":true}]}}