{"id":6425,"date":"2022-05-12T15:01:02","date_gmt":"2022-05-12T13:01:02","guid":{"rendered":"https:\/\/agora.xtec.cat\/iesdecelra\/?p=6425"},"modified":"2022-05-12T15:51:50","modified_gmt":"2022-05-12T13:51:50","slug":"tornen-les-representacions-teatrals-de-linstitut","status":"publish","type":"post","link":"https:\/\/agora.xtec.cat\/iesdecelra\/cursos\/eso\/eso-3\/tornen-les-representacions-teatrals-de-linstitut\/","title":{"rendered":"TORNEN LES REPRESENTACIONS TEATRALS DE L&#8217;INSTITUT"},"content":{"rendered":"<p style=\"text-align: justify;\">Tot va tornant a la normalitat i aix\u00f2 vol dir que a l&#8217;institut recuperem les tradicionals representacions teatrals a c\u00e0rrec dels alumnes de les optatives de teatre de 3r i 4t d&#8217;ESO.<\/p>\n<p style=\"text-align: justify;\">Aquest curs es faran les representacions per alumnes el<strong> divendres 13 de maig<\/strong> i per a les fam\u00edlies i el p\u00fablic en general el mateix dia al vespre en el seg\u00fcent horari:<\/p>\n<p style=\"text-align: center;\"><strong>20.00h EL VESTIDOR (3r ESO)<\/strong><\/p>\n<p style=\"text-align: center;\"><strong>21.30h PIS AL CARRER PARAD\u00cdS (4t ESO)<\/strong><\/p>\n<p>Aquesta \u00e9s la informaci\u00f3 de cada obra:<\/p>\n<table style=\"border-collapse: collapse; width: 100%;\">\n<tbody>\n<tr>\n<td style=\"width: 50%;\"><span style=\"font-size: 12pt;\"><strong>EL VESTIDOR<\/strong><\/span><\/p>\n<p style=\"text-align: justify;\"><span style=\"font-size: 12pt;\"><strong>Argument<\/strong><span style=\"color: #000000;\">: un equip de hoquei femen\u00ed afronta la final del campionat i entremig succeeixen una s\u00e8rie de fets dram\u00e0tics, quotidians i\/o c\u00f2mics.<\/span><\/span><\/p>\n<p><span style=\"font-size: 12pt;\">Idea original : Josep M. Uy\u00e0. <\/span><\/p>\n<p><span style=\"font-size: 12pt;\">Adaptaci\u00f3 i direcci\u00f3: Joan Gal\u00ed.<\/span><\/p>\n<p>&nbsp;<\/p>\n<p>&nbsp;<\/td>\n<td style=\"width: 50%;\"><span style=\"font-size: 12pt;\"><strong>PIS AL CARRER PARAD\u00cdS<\/strong><\/span><\/p>\n<p style=\"text-align: justify;\"><span style=\"font-size: 12pt;\"><strong>Argument<\/strong>: Un grup de nois i noies per error es troben en un pis. Una portera, un ocupa, pares i mares, fantasmes&#8230;. Massa gent per compartir pis.<\/span><\/p>\n<p><span style=\"font-size: 12pt;\">Idea original : Josep M. Uy\u00e0.\u00a0<\/span><\/p>\n<p><span style=\"font-size: 12pt;\">Adaptaci\u00f3 i direcci\u00f3: Olga Soler.<\/span><\/td>\n<\/tr>\n<tr>\n<td style=\"width: 50%;\"><span style=\"font-size: 12pt; color: #ff0000;\"><strong><img loading=\"lazy\" decoding=\"async\" class=\"aligncenter size-full wp-image-6432\" src=\"https:\/\/agora.xtec.cat\/iesdecelra\/wp-content\/uploads\/usu1789\/2022\/05\/Poster-petit_page-0001-e1652345953957.jpg\" alt=\"\" width=\"1240\" height=\"1281\" srcset=\"https:\/\/agora.xtec.cat\/iesdecelra\/wp-content\/uploads\/usu1789\/2022\/05\/Poster-petit_page-0001-e1652345953957.jpg 1240w, https:\/\/agora.xtec.cat\/iesdecelra\/wp-content\/uploads\/usu1789\/2022\/05\/Poster-petit_page-0001-e1652345953957-290x300.jpg 290w, https:\/\/agora.xtec.cat\/iesdecelra\/wp-content\/uploads\/usu1789\/2022\/05\/Poster-petit_page-0001-e1652345953957-991x1024.jpg 991w, https:\/\/agora.xtec.cat\/iesdecelra\/wp-content\/uploads\/usu1789\/2022\/05\/Poster-petit_page-0001-e1652345953957-768x793.jpg 768w\" sizes=\"auto, (max-width: 1240px) 100vw, 1240px\" \/><\/strong><\/span><\/td>\n<td style=\"width: 50%;\"><span style=\"font-size: 12pt;\"><strong><img loading=\"lazy\" decoding=\"async\" class=\"aligncenter size-full wp-image-6426\" src=\"https:\/\/agora.xtec.cat\/iesdecelra\/wp-content\/uploads\/usu1789\/2022\/05\/foto-poster.jpg\" alt=\"\" width=\"2339\" height=\"1653\" srcset=\"https:\/\/agora.xtec.cat\/iesdecelra\/wp-content\/uploads\/usu1789\/2022\/05\/foto-poster.jpg 2339w, https:\/\/agora.xtec.cat\/iesdecelra\/wp-content\/uploads\/usu1789\/2022\/05\/foto-poster-300x212.jpg 300w, https:\/\/agora.xtec.cat\/iesdecelra\/wp-content\/uploads\/usu1789\/2022\/05\/foto-poster-1024x724.jpg 1024w, https:\/\/agora.xtec.cat\/iesdecelra\/wp-content\/uploads\/usu1789\/2022\/05\/foto-poster-768x543.jpg 768w, https:\/\/agora.xtec.cat\/iesdecelra\/wp-content\/uploads\/usu1789\/2022\/05\/foto-poster-1536x1086.jpg 1536w, https:\/\/agora.xtec.cat\/iesdecelra\/wp-content\/uploads\/usu1789\/2022\/05\/foto-poster-2048x1447.jpg 2048w\" sizes=\"auto, (max-width: 2339px) 100vw, 2339px\" \/><\/strong><\/span><\/td>\n<\/tr>\n<\/tbody>\n<\/table>\n<p>&nbsp;<\/p>\n<p>&nbsp;<\/p>\n<p>&nbsp;<\/p>\n<div><\/div>\n<p>&nbsp;<\/p>\n","protected":false},"excerpt":{"rendered":"<p>Tot va tornant a la normalitat i aix\u00f2 vol dir que a l&#8217;institut recuperem les tradicionals representacions teatrals a c\u00e0rrec dels alumnes de les optatives de teatre de 3r i 4t d&#8217;ESO.<br \/>\nAquest curs es faran les representacions per alumnes el divendres 13 de maig i&hellip;  <a href=\"https:\/\/agora.xtec.cat\/iesdecelra\/cursos\/eso\/eso-3\/tornen-les-representacions-teatrals-de-linstitut\/\" title=\"Read TORNEN LES REPRESENTACIONS TEATRALS DE L&#8217;INSTITUT\">Llegeix m\u00e9s\u00bb<\/a><\/p>\n","protected":false},"author":1,"featured_media":6426,"comment_status":"open","ping_status":"closed","sticky":false,"template":"","format":"standard","meta":{"_bbp_topic_count":0,"_bbp_reply_count":0,"_bbp_total_topic_count":0,"_bbp_total_reply_count":0,"_bbp_voice_count":0,"_bbp_anonymous_reply_count":0,"_bbp_topic_count_hidden":0,"_bbp_reply_count_hidden":0,"_bbp_forum_subforum_count":0,"footnotes":""},"categories":[103,6,7],"tags":[309,40],"class_list":["post-6425","post","type-post","status-publish","format-standard","has-post-thumbnail","hentry","category-actualitat","category-eso-3","category-eso-4","tag-curs-2021-2022","tag-teatre"],"post_mailing_queue_ids":[],"_links":{"self":[{"href":"https:\/\/agora.xtec.cat\/iesdecelra\/wp-json\/wp\/v2\/posts\/6425","targetHints":{"allow":["GET"]}}],"collection":[{"href":"https:\/\/agora.xtec.cat\/iesdecelra\/wp-json\/wp\/v2\/posts"}],"about":[{"href":"https:\/\/agora.xtec.cat\/iesdecelra\/wp-json\/wp\/v2\/types\/post"}],"author":[{"embeddable":true,"href":"https:\/\/agora.xtec.cat\/iesdecelra\/wp-json\/wp\/v2\/users\/1"}],"replies":[{"embeddable":true,"href":"https:\/\/agora.xtec.cat\/iesdecelra\/wp-json\/wp\/v2\/comments?post=6425"}],"version-history":[{"count":3,"href":"https:\/\/agora.xtec.cat\/iesdecelra\/wp-json\/wp\/v2\/posts\/6425\/revisions"}],"predecessor-version":[{"id":6455,"href":"https:\/\/agora.xtec.cat\/iesdecelra\/wp-json\/wp\/v2\/posts\/6425\/revisions\/6455"}],"wp:featuredmedia":[{"embeddable":true,"href":"https:\/\/agora.xtec.cat\/iesdecelra\/wp-json\/wp\/v2\/media\/6426"}],"wp:attachment":[{"href":"https:\/\/agora.xtec.cat\/iesdecelra\/wp-json\/wp\/v2\/media?parent=6425"}],"wp:term":[{"taxonomy":"category","embeddable":true,"href":"https:\/\/agora.xtec.cat\/iesdecelra\/wp-json\/wp\/v2\/categories?post=6425"},{"taxonomy":"post_tag","embeddable":true,"href":"https:\/\/agora.xtec.cat\/iesdecelra\/wp-json\/wp\/v2\/tags?post=6425"}],"curies":[{"name":"wp","href":"https:\/\/api.w.org\/{rel}","templated":true}]}}