{"id":6388,"date":"2022-05-09T09:13:26","date_gmt":"2022-05-09T07:13:26","guid":{"rendered":"https:\/\/agora.xtec.cat\/iesdecelra\/?p=6388"},"modified":"2022-05-06T14:16:06","modified_gmt":"2022-05-06T12:16:06","slug":"setmana-del-9-de-maig-de-2022","status":"publish","type":"post","link":"https:\/\/agora.xtec.cat\/iesdecelra\/general\/musica-de-la-setmana\/setmana-del-9-de-maig-de-2022\/","title":{"rendered":"Setmana del 9 de maig de 2022"},"content":{"rendered":"<p><span class=\"il\">Aquesta setmana la m\u00fasica ens convida a commemorar <\/span>el dia d&#8217;Europa, que \u00e9s el dilluns dia 9 de maig. Escoltarem una composici\u00f3 creada per un alumne de segon de batxillerat inspirada en la <em>Novena Simfonia<\/em> de Beethoven (l&#8217;himne d&#8217;Europa).<\/p>\n<p><iframe loading=\"lazy\" title=\"dia d&#039;europa\" width=\"500\" height=\"281\" src=\"https:\/\/www.youtube.com\/embed\/1tKCN3xXWBY?feature=oembed\" frameborder=\"0\" allow=\"accelerometer; autoplay; clipboard-write; encrypted-media; gyroscope; picture-in-picture; web-share\" referrerpolicy=\"strict-origin-when-cross-origin\" allowfullscreen><\/iframe><\/p>\n","protected":false},"excerpt":{"rendered":"<p>Aquesta setmana la m\u00fasica ens convida a commemorar el dia d&#8217;Europa, que \u00e9s el dilluns dia 9 de maig. Escoltarem una composici\u00f3 creada per un alumne de segon de batxillerat inspirada en la Novena Simfonia de Beethoven (l&#8217;himne d&#8217;Europa).<\/p>\n","protected":false},"author":1,"featured_media":0,"comment_status":"open","ping_status":"closed","sticky":false,"template":"","format":"standard","meta":{"_bbp_topic_count":0,"_bbp_reply_count":0,"_bbp_total_topic_count":0,"_bbp_total_reply_count":0,"_bbp_voice_count":0,"_bbp_anonymous_reply_count":0,"_bbp_topic_count_hidden":0,"_bbp_reply_count_hidden":0,"_bbp_forum_subforum_count":0,"footnotes":""},"categories":[122],"tags":[309,335,123],"class_list":["post-6388","post","type-post","status-publish","format-standard","hentry","category-musica-de-la-setmana","tag-curs-2021-2022","tag-europa","tag-musica-de-la-setmana"],"post_mailing_queue_ids":[],"_links":{"self":[{"href":"https:\/\/agora.xtec.cat\/iesdecelra\/wp-json\/wp\/v2\/posts\/6388","targetHints":{"allow":["GET"]}}],"collection":[{"href":"https:\/\/agora.xtec.cat\/iesdecelra\/wp-json\/wp\/v2\/posts"}],"about":[{"href":"https:\/\/agora.xtec.cat\/iesdecelra\/wp-json\/wp\/v2\/types\/post"}],"author":[{"embeddable":true,"href":"https:\/\/agora.xtec.cat\/iesdecelra\/wp-json\/wp\/v2\/users\/1"}],"replies":[{"embeddable":true,"href":"https:\/\/agora.xtec.cat\/iesdecelra\/wp-json\/wp\/v2\/comments?post=6388"}],"version-history":[{"count":2,"href":"https:\/\/agora.xtec.cat\/iesdecelra\/wp-json\/wp\/v2\/posts\/6388\/revisions"}],"predecessor-version":[{"id":6390,"href":"https:\/\/agora.xtec.cat\/iesdecelra\/wp-json\/wp\/v2\/posts\/6388\/revisions\/6390"}],"wp:attachment":[{"href":"https:\/\/agora.xtec.cat\/iesdecelra\/wp-json\/wp\/v2\/media?parent=6388"}],"wp:term":[{"taxonomy":"category","embeddable":true,"href":"https:\/\/agora.xtec.cat\/iesdecelra\/wp-json\/wp\/v2\/categories?post=6388"},{"taxonomy":"post_tag","embeddable":true,"href":"https:\/\/agora.xtec.cat\/iesdecelra\/wp-json\/wp\/v2\/tags?post=6388"}],"curies":[{"name":"wp","href":"https:\/\/api.w.org\/{rel}","templated":true}]}}